{"id":166296,"date":"2025-10-23T08:57:49","date_gmt":"2025-10-23T00:57:49","guid":{"rendered":"https:\/\/pane-bistecca.com\/?p=166296"},"modified":"2025-10-23T08:57:50","modified_gmt":"2025-10-23T00:57:50","slug":"plunderteig-fuer-kleingebaeck","status":"publish","type":"post","link":"https:\/\/pane-bistecca.com\/en\/2025\/10\/23\/plunderteig-fuer-kleingebaeck\/","title":{"rendered":"Plunderteig f\u00fcr Kleingeb\u00e4ck"},"content":{"rendered":"\n<figure class=\"wp-block-image size-full\"><img loading=\"lazy\" decoding=\"async\" width=\"1024\" height=\"601\" src=\"https:\/\/pane-bistecca.com\/wp-content\/uploads\/2025\/10\/plu17.jpg\" alt=\"Plunderteig f\u00fcr Kleingeb\u00e4ck\" class=\"wp-image-166297\" srcset=\"https:\/\/pane-bistecca.com\/wp-content\/uploads\/2025\/10\/plu17.jpg 1024w, https:\/\/pane-bistecca.com\/wp-content\/uploads\/2025\/10\/plu17-300x176.jpg 300w, https:\/\/pane-bistecca.com\/wp-content\/uploads\/2025\/10\/plu17-768x451.jpg 768w, https:\/\/pane-bistecca.com\/wp-content\/uploads\/2025\/10\/plu17-360x211.jpg 360w\" sizes=\"auto, (max-width: 1024px) 100vw, 1024px\" \/><\/figure>\n\n\n\n<div class=\"post-recipe-block with-bg\" id=\"post-recipe-block\" vocab=\"https:\/\/schema.org\/\" typeof=\"Recipe\">\n    \n    <div class=\"post-recipe-header\"><h3 property=\"name\">Danish (Plunder) Pastry<\/h3><div class=\"rdf-hidden\" property=\"author\">Pane-bistecca<\/div><\/div>\n        <div class=\"post-recipe-summary clearfix\">\n       Danish pastry for small baked goods isn&#8217;t difficult to make, but it does take time.  <br><br>\nI like to make small baked goods that I can freeze, so when I have visitors, I can just take some out of the freezer. It makes my life easier, because when you have guests for dinner, you already have enough to do.  \n        <br><br>\n\t\tBut you can also make these pastries with different fillings, as I have done here, so you have a selection. My fillings were leftover chocolate spread, caramel spread, and one was Biscoff cream. <br><br>\nThe name Plunder is derived from Pludern or Plustern, which means to rise or puff up. In English, Plunder pastries are called Danish or Danish pastry, while in Scandinavian countries the term Wienerbrot is used for Plunder pastries. Plunder dough is a yeast dough with butter or margarine. During the so-called \u201ctourier\u201d process, the fat is incorporated into the dough either warm (German Plunder) or cold (Danish\/Copenhagen Plunder) in several folding and rolling processes. The carbon dioxide formed by the baking yeast during fermentation creates pores in the dough and causes it to rise.    <\/div>\n        <div class=\"post-recipe-icons-row\">\n                <div class=\"post-recipe-icon\">\n            <i class=\"fa fa-cutlery\" aria-hidden=\"true\"><\/i>\n            <div class=\"post-recipe-icon-details\">\n                <div class=\"post-recipe-icon-title\">Prep time<\/div>\n                <div class=\"post-recipe-icon-value\">1 h<\/div>\n            <\/div>\n        <\/div>\n                        <div class=\"post-recipe-icon\">\n            <i class=\"fa fa-clock-o\" aria-hidden=\"true\"><\/i>\n            <div class=\"post-recipe-icon-details\">\n                <div class=\"post-recipe-icon-title\">Rest time<\/div>\n                <div class=\"post-recipe-icon-value\">2 h<\/div>\n            <\/div>\n        <\/div>\n <div class=\"post-recipe-icon\">\n            <i class=\"fa fa-clock-o\" aria-hidden=\"true\"><\/i>\n            <div class=\"post-recipe-icon-details\">\n                <div class=\"post-recipe-icon-title\">Cooking time<\/div>\n                <div class=\"post-recipe-icon-value\">30 min<\/div>\n            <\/div>\n        <\/div>\n                        <div class=\"post-recipe-icon\">\n            <i class=\"fa fa-users\" aria-hidden=\"true\"><\/i>\n            <div class=\"post-recipe-icon-details\">\n                <div class=\"post-recipe-icon-title\">Portions<\/div>\n                <div class=\"post-recipe-icon-value\">20-30<\/div>\n            <\/div>\n        <\/div>\n                        <div class=\"post-recipe-icon\">\n            <i class=\"fa fa-check-square-o\" aria-hidden=\"true\"><\/i>\n            <div class=\"post-recipe-icon-details\">\n                <div class=\"post-recipe-icon-title\">Total time<\/div>\n                <div class=\"post-recipe-icon-value\">3 h 30 min<\/div>\n            <\/div>\n        <\/div>\n            <\/div>\n\n        <div class=\"post-recipe-details\">\n            <div class=\"post-recipe-details-column\">\n\n\t            <h4>Ingredients<\/h4>\n<h4>For 15-30 pieces, depending on the size:<\/h4>\n\t            <ul>\n\t                <li><i class=\"fa fa-check\" aria-hidden=\"true\"><\/i><p property=\"recipeIngredient\">500 g Flour<\/p><\/li>\n\t                <li><i class=\"fa fa-check\" aria-hidden=\"true\"><\/i><p property=\"recipeIngredient\">10 g dried Yeast<\/p><\/li>\n\t                <li><i class=\"fa fa-check\" aria-hidden=\"true\"><\/i><p property=\"recipeIngredient\">20 g Sugar<\/p><\/li>\n\t                <li><i class=\"fa fa-check\" aria-hidden=\"true\"><\/i><p property=\"recipeIngredient\">1 level tsp Salt<\/p><\/li>\n\t                <li><i class=\"fa fa-check\" aria-hidden=\"true\"><\/i><p property=\"recipeIngredient\">1 tsp Vanilla Extract<\/p><\/li>\n                        <li><i class=\"fa fa-check\" aria-hidden=\"true\"><\/i><p property=\"recipeIngredient\">50 g soft Butter<\/p><\/li>\n                        <li><i class=\"fa fa-check\" aria-hidden=\"true\"><\/i><p property=\"recipeIngredient\">200-250 ml Milk<\/p><\/li>\n                        <li><i class=\"fa fa-check\" aria-hidden=\"true\"><\/i><p property=\"recipeIngredient\">1 Egg<\/p><\/li>\n<h4>Tourier process:<\/h4>\n\t                <li><i class=\"fa fa-check\" aria-hidden=\"true\"><\/i><p property=\"recipeIngredient\">250 g cold Butter cut into thin slices<\/p><\/li>\n<h4>Fillings:<\/h4>\n\t                <li><i class=\"fa fa-check\" aria-hidden=\"true\"><\/i><p property=\"recipeIngredient\">Chocolade Spread<\/p><\/li>\n\t                <li><i class=\"fa fa-check\" aria-hidden=\"true\"><\/i><p property=\"recipeIngredient\">Caramel Spread<\/p><\/li>\n\t                <li><i class=\"fa fa-check\" aria-hidden=\"true\"><\/i><p property=\"recipeIngredient\">Biscoff Cream<\/p><\/li>\n\t               \n\t                \n\t            <\/ul>\n\n\t        <\/div>\n        <\/div>\n    \n        <div class=\"post-recipe-instructions-group\">\n        <h4>Instructions<\/h4>\n                        <div class=\"post-recipe-instruction\">\n            <div class=\"post-recipe-step\">1<\/div>\n            <div class=\"post-recipe-instruction-content\">\n                                <div class=\"post-recipe-instruction-title\"><h4 property=\"recipeInstructions\">Step 1<\/h4><\/div>\n                                                <div class=\"post-recipe-instruction-text\" property=\"recipeInstructions\">Mix the flour with the dry yeast, then add the sugar, salt, and vanilla extract. \n <\/div>\n                            <\/div>\n        <\/div>\n                        <div class=\"post-recipe-instruction\">\n            <div class=\"post-recipe-step\">2<\/div>\n            <div class=\"post-recipe-instruction-content\">\n                                <div class=\"post-recipe-instruction-title\"><h4 property=\"recipeInstructions\">Step 2<\/h4><\/div>\n                                                <div class=\"post-recipe-instruction-text\" property=\"recipeInstructions\">Now knead in the softened butter and slowly add the milk while kneading. Knead well for approx. 5 minutes.\n<\/div>\n                            <\/div>\n        <\/div>\n                        <div class=\"post-recipe-instruction\">\n            <div class=\"post-recipe-step\">3<\/div>\n            <div class=\"post-recipe-instruction-content\">\n                                <div class=\"post-recipe-instruction-title\"><h4 property=\"recipeInstructions\">Step 3<\/h4><\/div>\n                                                <div class=\"post-recipe-instruction-text\" property=\"recipeInstructions\">Tourier process: Knead the dough again by hand and shape into a ball. Then flatten it and roll it out into a rectangle measuring approx. 40\/20 cm.\n<\/div>\n                            <\/div>\n        <\/div>\n                        <div class=\"post-recipe-instruction\">\n            <div class=\"post-recipe-step\">4<\/div>\n            <div class=\"post-recipe-instruction-content\">\n                                <div class=\"post-recipe-instruction-title\"><h4 property=\"recipeInstructions\">Step 4<\/h4><\/div>\n                                                <div class=\"post-recipe-instruction-text\" property=\"recipeInstructions\">Place the cold butter slices on half of the dough and fold the other half of the dough over it. Press the edges together lightly. Now roll out again into a rectangle the same size as above, then fold the short sides into the middle so that they touch. You now have 4 layers of dough. Wrap in cling film and leave to rest in the refrigerator for 40 minutes.\n<\/div>\n                            <\/div>\n        <\/div>\n<div class=\"post-recipe-instruction\">\n            <div class=\"post-recipe-step\">5<\/div>\n            <div class=\"post-recipe-instruction-content\">\n                                <div class=\"post-recipe-instruction-title\"><h4 property=\"recipeInstructions\">Step 5<\/h4><\/div>\n                                                <div class=\"post-recipe-instruction-text\" property=\"recipeInstructions\">Then roll out again into a rectangle as above and fold both sides in again. Then fold in half. You now have 16 layers, like puff pastry. You can repeat this again if you like. Wrap the dough in cling film again and leave to rest for 1 hour.\n<\/div>\n                            <\/div>\n        <\/div>\n<div class=\"post-recipe-instruction\">\n            <div class=\"post-recipe-step\">6<\/div>\n            <div class=\"post-recipe-instruction-content\">\n                                <div class=\"post-recipe-instruction-title\"><h4 property=\"recipeInstructions\">Step 6<\/h4><\/div>\n                                                <div class=\"post-recipe-instruction-text\" property=\"recipeInstructions\">Now roll out the dough on a lightly floured work surface to a thickness of approx. \u00bd cm and cut into pieces as desired, depending on how you want to use it.\n<\/div>\n                            <\/div>\n        <\/div>\n<div class=\"post-recipe-instruction\">\n            <div class=\"post-recipe-step\">7<\/div>\n            <div class=\"post-recipe-instruction-content\">\n                                <div class=\"post-recipe-instruction-title\"><h4 property=\"recipeInstructions\">Step 7<\/h4><\/div>\n                                                <div class=\"post-recipe-instruction-text\" property=\"recipeInstructions\">I cut the dough into 3 pieces and spread chocolate spread on half of the first piece, then folded it over and cut it into 2 cm thick strips and twist them. Place these on a baking sheet, cover and leave to rest for 20 minutes. Repeat the process with the caramel filling.\n<\/div>\n                            <\/div>\n        <\/div>\n<div class=\"post-recipe-instruction\">\n            <div class=\"post-recipe-step\">8<\/div>\n            <div class=\"post-recipe-instruction-content\">\n                                <div class=\"post-recipe-instruction-title\"><h4 property=\"recipeInstructions\">Step 8<\/h4><\/div>\n                                                <div class=\"post-recipe-instruction-text\" property=\"recipeInstructions\">For the Biscoff filling, I spread it all over the dough and then rolled it up. Cut into 2 cm thick slices. \n<\/div>\n                            <\/div>\n        <\/div>\n<div class=\"post-recipe-instruction\">\n            <div class=\"post-recipe-step\">9<\/div>\n            <div class=\"post-recipe-instruction-content\">\n                                <div class=\"post-recipe-instruction-title\"><h4 property=\"recipeInstructions\">Step 9<\/h4><\/div>\n                                                <div class=\"post-recipe-instruction-text\" property=\"recipeInstructions\">Bake in the oven at 180\u00b0C for approx. 20-30 minutes.  \n<\/div>\n                            <\/div>\n        <\/div>\n            <\/div>\n    \n        <div class=\"post-recipe-notes\">\n        <h4>Notes<\/h4>\n        <a href=\"https:\/\/pane-bistecca.com\/category\/baked-goods\/pastries\/\">More pastry recipes!<\/a>   <\/div>\n    <\/div>\n\n\n\n<figure class=\"wp-block-image size-full\"><img loading=\"lazy\" decoding=\"async\" width=\"1024\" height=\"820\" src=\"https:\/\/pane-bistecca.com\/wp-content\/uploads\/2025\/10\/plu1.jpg\" alt=\"\" class=\"wp-image-166299\" srcset=\"https:\/\/pane-bistecca.com\/wp-content\/uploads\/2025\/10\/plu1.jpg 1024w, https:\/\/pane-bistecca.com\/wp-content\/uploads\/2025\/10\/plu1-300x240.jpg 300w, https:\/\/pane-bistecca.com\/wp-content\/uploads\/2025\/10\/plu1-768x615.jpg 768w, https:\/\/pane-bistecca.com\/wp-content\/uploads\/2025\/10\/plu1-360x288.jpg 360w\" sizes=\"auto, (max-width: 1024px) 100vw, 1024px\" \/><\/figure>\n\n\n\n<figure class=\"wp-block-image size-full\"><img loading=\"lazy\" decoding=\"async\" width=\"1024\" height=\"792\" src=\"https:\/\/pane-bistecca.com\/wp-content\/uploads\/2025\/10\/plu2.jpg\" alt=\"\" class=\"wp-image-166300\" srcset=\"https:\/\/pane-bistecca.com\/wp-content\/uploads\/2025\/10\/plu2.jpg 1024w, https:\/\/pane-bistecca.com\/wp-content\/uploads\/2025\/10\/plu2-300x232.jpg 300w, https:\/\/pane-bistecca.com\/wp-content\/uploads\/2025\/10\/plu2-768x594.jpg 768w, https:\/\/pane-bistecca.com\/wp-content\/uploads\/2025\/10\/plu2-360x278.jpg 360w\" sizes=\"auto, (max-width: 1024px) 100vw, 1024px\" \/><\/figure>\n\n\n\n<figure class=\"wp-block-image size-full\"><img loading=\"lazy\" decoding=\"async\" width=\"1024\" height=\"686\" src=\"https:\/\/pane-bistecca.com\/wp-content\/uploads\/2025\/10\/plu3.jpg\" alt=\"Plunderteig f\u00fcr Kleingeb\u00e4ck\" class=\"wp-image-166301\" srcset=\"https:\/\/pane-bistecca.com\/wp-content\/uploads\/2025\/10\/plu3.jpg 1024w, https:\/\/pane-bistecca.com\/wp-content\/uploads\/2025\/10\/plu3-300x201.jpg 300w, https:\/\/pane-bistecca.com\/wp-content\/uploads\/2025\/10\/plu3-768x515.jpg 768w, https:\/\/pane-bistecca.com\/wp-content\/uploads\/2025\/10\/plu3-360x241.jpg 360w\" sizes=\"auto, (max-width: 1024px) 100vw, 1024px\" \/><\/figure>\n\n\n\n<figure class=\"wp-block-image size-full\"><img loading=\"lazy\" decoding=\"async\" width=\"1024\" height=\"577\" src=\"https:\/\/pane-bistecca.com\/wp-content\/uploads\/2025\/10\/plu5.jpg\" alt=\"Plunderteig f\u00fcr Kleingeb\u00e4ck\" class=\"wp-image-166302\" srcset=\"https:\/\/pane-bistecca.com\/wp-content\/uploads\/2025\/10\/plu5.jpg 1024w, https:\/\/pane-bistecca.com\/wp-content\/uploads\/2025\/10\/plu5-300x169.jpg 300w, https:\/\/pane-bistecca.com\/wp-content\/uploads\/2025\/10\/plu5-768x433.jpg 768w, https:\/\/pane-bistecca.com\/wp-content\/uploads\/2025\/10\/plu5-360x203.jpg 360w\" sizes=\"auto, (max-width: 1024px) 100vw, 1024px\" \/><\/figure>\n\n\n\n<figure class=\"wp-block-image size-full\"><img loading=\"lazy\" decoding=\"async\" width=\"1024\" height=\"654\" src=\"https:\/\/pane-bistecca.com\/wp-content\/uploads\/2025\/10\/plu6.jpg\" alt=\"Plunderteig f\u00fcr Kleingeb\u00e4ck\" class=\"wp-image-166303\" srcset=\"https:\/\/pane-bistecca.com\/wp-content\/uploads\/2025\/10\/plu6.jpg 1024w, https:\/\/pane-bistecca.com\/wp-content\/uploads\/2025\/10\/plu6-300x192.jpg 300w, https:\/\/pane-bistecca.com\/wp-content\/uploads\/2025\/10\/plu6-768x491.jpg 768w, https:\/\/pane-bistecca.com\/wp-content\/uploads\/2025\/10\/plu6-360x230.jpg 360w\" sizes=\"auto, (max-width: 1024px) 100vw, 1024px\" \/><\/figure>\n\n\n\n<figure class=\"wp-block-image size-full\"><img loading=\"lazy\" decoding=\"async\" width=\"1024\" height=\"634\" src=\"https:\/\/pane-bistecca.com\/wp-content\/uploads\/2025\/10\/plu7.jpg\" alt=\"Plunderteig f\u00fcr Kleingeb\u00e4ck\" class=\"wp-image-166304\" srcset=\"https:\/\/pane-bistecca.com\/wp-content\/uploads\/2025\/10\/plu7.jpg 1024w, https:\/\/pane-bistecca.com\/wp-content\/uploads\/2025\/10\/plu7-300x186.jpg 300w, https:\/\/pane-bistecca.com\/wp-content\/uploads\/2025\/10\/plu7-768x476.jpg 768w, https:\/\/pane-bistecca.com\/wp-content\/uploads\/2025\/10\/plu7-360x223.jpg 360w\" sizes=\"auto, (max-width: 1024px) 100vw, 1024px\" \/><\/figure>\n\n\n\n<figure class=\"wp-block-image size-full\"><img loading=\"lazy\" decoding=\"async\" width=\"1024\" height=\"689\" src=\"https:\/\/pane-bistecca.com\/wp-content\/uploads\/2025\/10\/plu9.jpg\" alt=\"Plunderteig f\u00fcr Kleingeb\u00e4ck\" class=\"wp-image-166305\" srcset=\"https:\/\/pane-bistecca.com\/wp-content\/uploads\/2025\/10\/plu9.jpg 1024w, https:\/\/pane-bistecca.com\/wp-content\/uploads\/2025\/10\/plu9-300x202.jpg 300w, https:\/\/pane-bistecca.com\/wp-content\/uploads\/2025\/10\/plu9-768x517.jpg 768w, https:\/\/pane-bistecca.com\/wp-content\/uploads\/2025\/10\/plu9-360x242.jpg 360w\" sizes=\"auto, (max-width: 1024px) 100vw, 1024px\" \/><\/figure>\n\n\n\n<figure class=\"wp-block-image size-large\"><img loading=\"lazy\" decoding=\"async\" width=\"659\" height=\"1024\" src=\"https:\/\/pane-bistecca.com\/wp-content\/uploads\/2025\/10\/plu10-659x1024.jpg\" alt=\"Plunderteig f\u00fcr Kleingeb\u00e4ck\" class=\"wp-image-166306\" srcset=\"https:\/\/pane-bistecca.com\/wp-content\/uploads\/2025\/10\/plu10-659x1024.jpg 659w, https:\/\/pane-bistecca.com\/wp-content\/uploads\/2025\/10\/plu10-193x300.jpg 193w, https:\/\/pane-bistecca.com\/wp-content\/uploads\/2025\/10\/plu10-768x1193.jpg 768w, https:\/\/pane-bistecca.com\/wp-content\/uploads\/2025\/10\/plu10-989x1536.jpg 989w, https:\/\/pane-bistecca.com\/wp-content\/uploads\/2025\/10\/plu10-360x559.jpg 360w, https:\/\/pane-bistecca.com\/wp-content\/uploads\/2025\/10\/plu10.jpg 1024w\" sizes=\"auto, (max-width: 659px) 100vw, 659px\" \/><\/figure>\n\n\n\n<figure class=\"wp-block-image size-full\"><img loading=\"lazy\" decoding=\"async\" width=\"1024\" height=\"796\" src=\"https:\/\/pane-bistecca.com\/wp-content\/uploads\/2025\/10\/plu12.jpg\" alt=\"Plunderteig f\u00fcr Kleingeb\u00e4ck\" class=\"wp-image-166307\" srcset=\"https:\/\/pane-bistecca.com\/wp-content\/uploads\/2025\/10\/plu12.jpg 1024w, https:\/\/pane-bistecca.com\/wp-content\/uploads\/2025\/10\/plu12-300x233.jpg 300w, https:\/\/pane-bistecca.com\/wp-content\/uploads\/2025\/10\/plu12-768x597.jpg 768w, https:\/\/pane-bistecca.com\/wp-content\/uploads\/2025\/10\/plu12-360x280.jpg 360w\" sizes=\"auto, (max-width: 1024px) 100vw, 1024px\" \/><\/figure>\n\n\n\n<figure class=\"wp-block-image size-full\"><img loading=\"lazy\" decoding=\"async\" width=\"1024\" height=\"686\" src=\"https:\/\/pane-bistecca.com\/wp-content\/uploads\/2025\/10\/plu16.jpg\" alt=\"Plunderteig f\u00fcr Kleingeb\u00e4ck\" class=\"wp-image-166308\" srcset=\"https:\/\/pane-bistecca.com\/wp-content\/uploads\/2025\/10\/plu16.jpg 1024w, https:\/\/pane-bistecca.com\/wp-content\/uploads\/2025\/10\/plu16-300x201.jpg 300w, https:\/\/pane-bistecca.com\/wp-content\/uploads\/2025\/10\/plu16-768x515.jpg 768w, https:\/\/pane-bistecca.com\/wp-content\/uploads\/2025\/10\/plu16-360x241.jpg 360w\" sizes=\"auto, (max-width: 1024px) 100vw, 1024px\" \/><\/figure>\n\n\n\n<figure class=\"wp-block-image size-large\"><img loading=\"lazy\" decoding=\"async\" width=\"608\" height=\"1024\" src=\"https:\/\/pane-bistecca.com\/wp-content\/uploads\/2025\/10\/plu15-608x1024.jpg\" alt=\"Plunderteig f\u00fcr Kleingeb\u00e4ck\" class=\"wp-image-166309\" srcset=\"https:\/\/pane-bistecca.com\/wp-content\/uploads\/2025\/10\/plu15-608x1024.jpg 608w, https:\/\/pane-bistecca.com\/wp-content\/uploads\/2025\/10\/plu15-178x300.jpg 178w, https:\/\/pane-bistecca.com\/wp-content\/uploads\/2025\/10\/plu15-768x1295.jpg 768w, https:\/\/pane-bistecca.com\/wp-content\/uploads\/2025\/10\/plu15-911x1536.jpg 911w, https:\/\/pane-bistecca.com\/wp-content\/uploads\/2025\/10\/plu15-360x607.jpg 360w, https:\/\/pane-bistecca.com\/wp-content\/uploads\/2025\/10\/plu15.jpg 1024w\" sizes=\"auto, (max-width: 608px) 100vw, 608px\" \/><\/figure>\n\n\n\n<figure class=\"wp-block-image size-large\"><img loading=\"lazy\" decoding=\"async\" width=\"651\" height=\"1024\" src=\"https:\/\/pane-bistecca.com\/wp-content\/uploads\/2025\/10\/plu14-651x1024.jpg\" alt=\"Plunderteig f\u00fcr Kleingeb\u00e4ck\" class=\"wp-image-166310\" srcset=\"https:\/\/pane-bistecca.com\/wp-content\/uploads\/2025\/10\/plu14-651x1024.jpg 651w, https:\/\/pane-bistecca.com\/wp-content\/uploads\/2025\/10\/plu14-191x300.jpg 191w, https:\/\/pane-bistecca.com\/wp-content\/uploads\/2025\/10\/plu14-768x1208.jpg 768w, https:\/\/pane-bistecca.com\/wp-content\/uploads\/2025\/10\/plu14-976x1536.jpg 976w, https:\/\/pane-bistecca.com\/wp-content\/uploads\/2025\/10\/plu14-360x566.jpg 360w, https:\/\/pane-bistecca.com\/wp-content\/uploads\/2025\/10\/plu14.jpg 1024w\" sizes=\"auto, (max-width: 651px) 100vw, 651px\" \/><\/figure>\n\n\n\n<figure class=\"wp-block-image size-full\"><img loading=\"lazy\" decoding=\"async\" width=\"1024\" height=\"618\" src=\"https:\/\/pane-bistecca.com\/wp-content\/uploads\/2025\/10\/plu18.jpg\" alt=\"Plunderteig f\u00fcr Kleingeb\u00e4ck\" class=\"wp-image-166311\" srcset=\"https:\/\/pane-bistecca.com\/wp-content\/uploads\/2025\/10\/plu18.jpg 1024w, https:\/\/pane-bistecca.com\/wp-content\/uploads\/2025\/10\/plu18-300x181.jpg 300w, https:\/\/pane-bistecca.com\/wp-content\/uploads\/2025\/10\/plu18-768x464.jpg 768w, https:\/\/pane-bistecca.com\/wp-content\/uploads\/2025\/10\/plu18-360x217.jpg 360w\" sizes=\"auto, (max-width: 1024px) 100vw, 1024px\" \/><\/figure>\n\n\n<div class=\"wp-block-image\">\n<figure class=\"aligncenter size-full\"><img loading=\"lazy\" decoding=\"async\" width=\"138\" height=\"66\" src=\"https:\/\/pane-bistecca.com\/wp-content\/uploads\/2025\/03\/9267017_orig.jpg\" alt=\"\" class=\"wp-image-164232\"\/><\/figure>\n<\/div>","protected":false},"excerpt":{"rendered":"<p>Danish (Plunder) Pastry Pane-bistecca Danish pastry for small baked goods isn&#8217;t difficult to make, but it does take time. I like to&#8230;<\/p>\n","protected":false},"author":5,"featured_media":166308,"comment_status":"open","ping_status":"open","sticky":false,"template":"","format":"gallery","meta":{"footnotes":""},"categories":[56,639,32,85,1280,230,235,1518,243,43,466,177,638,184,1553,31,33,34,1485,320],"tags":[60,38,88,1543,179,37,40,1554],"class_list":{"0":"post-166296","1":"post","2":"type-post","3":"status-publish","4":"format-gallery","5":"has-post-thumbnail","7":"category-spreads","8":"category-from-around-the-world","9":"category-desserts","10":"category-eggs","11":"category-europa","12":"category-celebration","13":"category-baked-goods","14":"category-geburtstag","15":"category-gifts-from-the-kitchen","16":"category-honey","17":"category-caramel","18":"category-pastries","19":"category-meals","20":"category-easter","21":"category-plunderteig","22":"category-chocolate","23":"category-snack","24":"category-sweets","25":"category-doughs","26":"category-valentines-day","27":"tag-spread","28":"tag-dessert","29":"tag-eggs","30":"tag-karamell","31":"tag-pastries","32":"tag-schokolade","33":"tag-sweets","34":"tag-teige","35":"post_format-post-format-gallery"},"yoast_head":"<!-- This site is optimized with the Yoast SEO plugin v24.7 - https:\/\/yoast.com\/wordpress\/plugins\/seo\/ -->\n<title>Plunderteig f\u00fcr Kleingeb\u00e4ck<\/title>\n<meta name=\"description\" content=\"Plunderteig f\u00fcr Kleingeb\u00e4ck, sch\u00f6n in Lagen gemacht, damit er knusprig wird. Er braucht aber l\u00e4ngere Zeit!\" \/>\n<meta name=\"robots\" content=\"index, follow, max-snippet:-1, max-image-preview:large, max-video-preview:-1\" \/>\n<link rel=\"canonical\" href=\"https:\/\/pane-bistecca.com\/en\/2025\/10\/23\/plunderteig-fuer-kleingebaeck\/\" \/>\n<meta property=\"og:locale\" content=\"en_US\" \/>\n<meta property=\"og:locale:alternate\" content=\"de_DE\" \/>\n<meta property=\"og:type\" content=\"article\" \/>\n<meta property=\"og:title\" content=\"Plunderteig f\u00fcr Kleingeb\u00e4ck\" \/>\n<meta property=\"og:description\" content=\"Plunderteig f\u00fcr Kleingeb\u00e4ck, sch\u00f6n in Lagen gemacht, damit er knusprig wird. Er braucht aber l\u00e4ngere Zeit!\" \/>\n<meta property=\"og:url\" content=\"https:\/\/pane-bistecca.com\/en\/2025\/10\/23\/plunderteig-fuer-kleingebaeck\/\" \/>\n<meta property=\"og:site_name\" content=\"Pane-Bistecca\" \/>\n<meta property=\"article:published_time\" content=\"2025-10-23T00:57:49+00:00\" \/>\n<meta property=\"article:modified_time\" content=\"2025-10-23T00:57:50+00:00\" \/>\n<meta property=\"og:image\" content=\"https:\/\/pane-bistecca.com\/wp-content\/uploads\/2025\/10\/plu16.jpg\" \/>\n\t<meta property=\"og:image:width\" content=\"1024\" \/>\n\t<meta property=\"og:image:height\" content=\"686\" \/>\n\t<meta property=\"og:image:type\" content=\"image\/jpeg\" \/>\n<meta name=\"author\" content=\"Pane Bistecca\" \/>\n<meta name=\"twitter:card\" content=\"summary_large_image\" \/>\n<meta name=\"twitter:label1\" content=\"Written by\" \/>\n\t<meta name=\"twitter:data1\" content=\"Pane Bistecca\" \/>\n\t<meta name=\"twitter:label2\" content=\"Est. reading time\" \/>\n\t<meta name=\"twitter:data2\" content=\"7 minutes\" \/>\n<script type=\"application\/ld+json\" class=\"yoast-schema-graph\">{\"@context\":\"https:\/\/schema.org\",\"@graph\":[{\"@type\":\"Article\",\"@id\":\"https:\/\/pane-bistecca.com\/2025\/10\/23\/plunderteig-fuer-kleingebaeck\/#article\",\"isPartOf\":{\"@id\":\"https:\/\/pane-bistecca.com\/2025\/10\/23\/plunderteig-fuer-kleingebaeck\/\"},\"author\":{\"name\":\"Pane Bistecca\",\"@id\":\"https:\/\/pane-bistecca.com\/#\/schema\/person\/8f6864a6ceb0977c4008ee1208c02ee8\"},\"headline\":\"Plunderteig f\u00fcr Kleingeb\u00e4ck\",\"datePublished\":\"2025-10-23T00:57:49+00:00\",\"dateModified\":\"2025-10-23T00:57:50+00:00\",\"mainEntityOfPage\":{\"@id\":\"https:\/\/pane-bistecca.com\/2025\/10\/23\/plunderteig-fuer-kleingebaeck\/\"},\"wordCount\":1098,\"commentCount\":0,\"publisher\":{\"@id\":\"https:\/\/pane-bistecca.com\/#\/schema\/person\/8f6864a6ceb0977c4008ee1208c02ee8\"},\"image\":{\"@id\":\"https:\/\/pane-bistecca.com\/2025\/10\/23\/plunderteig-fuer-kleingebaeck\/#primaryimage\"},\"thumbnailUrl\":\"https:\/\/pane-bistecca.com\/wp-content\/uploads\/2025\/10\/plu16.jpg\",\"keywords\":[\"Spraed\",\"Dessert\",\"Eggs\",\"Karamell\",\"Pastries\",\"Chocolate\",\"Sweets\",\"Teige\"],\"articleSection\":[\"Spraeds\",\"From around the world\",\"Desserts\",\"Eggs\",\"Europe\",\"Celebration\",\"Baked Goods\",\"Birthday\",\"Gifts from the Kitchen\",\"Honey\",\"Caramel\",\"Pastries\",\"Meals\",\"Easter\",\"Danish Pastry\",\"Chocolate\",\"Snack\",\"Sweets\",\"Doughs\",\"Valentine&#039;s Day\"],\"inLanguage\":\"en-US\",\"potentialAction\":[{\"@type\":\"CommentAction\",\"name\":\"Comment\",\"target\":[\"https:\/\/pane-bistecca.com\/2025\/10\/23\/plunderteig-fuer-kleingebaeck\/#respond\"]}]},{\"@type\":\"WebPage\",\"@id\":\"https:\/\/pane-bistecca.com\/2025\/10\/23\/plunderteig-fuer-kleingebaeck\/\",\"url\":\"https:\/\/pane-bistecca.com\/2025\/10\/23\/plunderteig-fuer-kleingebaeck\/\",\"name\":\"Plunderteig f\u00fcr Kleingeb\u00e4ck\",\"isPartOf\":{\"@id\":\"https:\/\/pane-bistecca.com\/#website\"},\"primaryImageOfPage\":{\"@id\":\"https:\/\/pane-bistecca.com\/2025\/10\/23\/plunderteig-fuer-kleingebaeck\/#primaryimage\"},\"image\":{\"@id\":\"https:\/\/pane-bistecca.com\/2025\/10\/23\/plunderteig-fuer-kleingebaeck\/#primaryimage\"},\"thumbnailUrl\":\"https:\/\/pane-bistecca.com\/wp-content\/uploads\/2025\/10\/plu16.jpg\",\"datePublished\":\"2025-10-23T00:57:49+00:00\",\"dateModified\":\"2025-10-23T00:57:50+00:00\",\"description\":\"Plunderteig f\u00fcr Kleingeb\u00e4ck, sch\u00f6n in Lagen gemacht, damit er knusprig wird. Er braucht aber l\u00e4ngere Zeit!\",\"breadcrumb\":{\"@id\":\"https:\/\/pane-bistecca.com\/2025\/10\/23\/plunderteig-fuer-kleingebaeck\/#breadcrumb\"},\"inLanguage\":\"en-US\",\"potentialAction\":[{\"@type\":\"ReadAction\",\"target\":[\"https:\/\/pane-bistecca.com\/2025\/10\/23\/plunderteig-fuer-kleingebaeck\/\"]}]},{\"@type\":\"ImageObject\",\"inLanguage\":\"en-US\",\"@id\":\"https:\/\/pane-bistecca.com\/2025\/10\/23\/plunderteig-fuer-kleingebaeck\/#primaryimage\",\"url\":\"https:\/\/pane-bistecca.com\/wp-content\/uploads\/2025\/10\/plu16.jpg\",\"contentUrl\":\"https:\/\/pane-bistecca.com\/wp-content\/uploads\/2025\/10\/plu16.jpg\",\"width\":1024,\"height\":686},{\"@type\":\"BreadcrumbList\",\"@id\":\"https:\/\/pane-bistecca.com\/2025\/10\/23\/plunderteig-fuer-kleingebaeck\/#breadcrumb\",\"itemListElement\":[{\"@type\":\"ListItem\",\"position\":1,\"name\":\"Home\",\"item\":\"https:\/\/pane-bistecca.com\/\"},{\"@type\":\"ListItem\",\"position\":2,\"name\":\"Plunderteig f\u00fcr Kleingeb\u00e4ck\"}]},{\"@type\":\"WebSite\",\"@id\":\"https:\/\/pane-bistecca.com\/#website\",\"url\":\"https:\/\/pane-bistecca.com\/\",\"name\":\"Pane Bistecca\",\"description\":\"World Class Cooking\",\"publisher\":{\"@id\":\"https:\/\/pane-bistecca.com\/#\/schema\/person\/8f6864a6ceb0977c4008ee1208c02ee8\"},\"alternateName\":\"P-B\",\"potentialAction\":[{\"@type\":\"SearchAction\",\"target\":{\"@type\":\"EntryPoint\",\"urlTemplate\":\"https:\/\/pane-bistecca.com\/?s={search_term_string}\"},\"query-input\":{\"@type\":\"PropertyValueSpecification\",\"valueRequired\":true,\"valueName\":\"search_term_string\"}}],\"inLanguage\":\"en-US\"},{\"@type\":[\"Person\",\"Organization\"],\"@id\":\"https:\/\/pane-bistecca.com\/#\/schema\/person\/8f6864a6ceb0977c4008ee1208c02ee8\",\"name\":\"Pane Bistecca\",\"image\":{\"@type\":\"ImageObject\",\"inLanguage\":\"en-US\",\"@id\":\"https:\/\/pane-bistecca.com\/#\/schema\/person\/image\/\",\"url\":\"https:\/\/pane-bistecca.com\/wp-content\/uploads\/2023\/11\/logo1.jpg\",\"contentUrl\":\"https:\/\/pane-bistecca.com\/wp-content\/uploads\/2023\/11\/logo1.jpg\",\"width\":184,\"height\":204,\"caption\":\"Pane Bistecca\"},\"logo\":{\"@id\":\"https:\/\/pane-bistecca.com\/#\/schema\/person\/image\/\"},\"sameAs\":[\"https:\/\/pane-bistecca.com\"],\"url\":\"https:\/\/pane-bistecca.com\/en\/author\/pane-bistecca\/\"}]}<\/script>\n<!-- \/ Yoast SEO plugin. -->","yoast_head_json":{"title":"Plunderteig f\u00fcr Kleingeb\u00e4ck","description":"Plunderteig f\u00fcr Kleingeb\u00e4ck, sch\u00f6n in Lagen gemacht, damit er knusprig wird. Er braucht aber l\u00e4ngere Zeit!","robots":{"index":"index","follow":"follow","max-snippet":"max-snippet:-1","max-image-preview":"max-image-preview:large","max-video-preview":"max-video-preview:-1"},"canonical":"https:\/\/pane-bistecca.com\/en\/2025\/10\/23\/plunderteig-fuer-kleingebaeck\/","og_locale":"en_US","og_type":"article","og_title":"[:de]Plunderteig f\u00fcr Kleingeb\u00e4ck[:]","og_description":"[:de]Plunderteig f\u00fcr Kleingeb\u00e4ck, sch\u00f6n in Lagen gemacht, damit er knusprig wird. Er braucht aber l\u00e4ngere Zeit![:]","og_url":"https:\/\/pane-bistecca.com\/en\/2025\/10\/23\/plunderteig-fuer-kleingebaeck\/","og_site_name":"Pane-Bistecca","article_published_time":"2025-10-23T00:57:49+00:00","article_modified_time":"2025-10-23T00:57:50+00:00","og_image":[{"width":1024,"height":686,"url":"https:\/\/pane-bistecca.com\/wp-content\/uploads\/2025\/10\/plu16.jpg","type":"image\/jpeg"}],"author":"Pane Bistecca","twitter_card":"summary_large_image","twitter_misc":{"Written by":"Pane Bistecca","Est. reading time":"7 minutes"},"schema":{"@context":"https:\/\/schema.org","@graph":[{"@type":"Article","@id":"https:\/\/pane-bistecca.com\/2025\/10\/23\/plunderteig-fuer-kleingebaeck\/#article","isPartOf":{"@id":"https:\/\/pane-bistecca.com\/2025\/10\/23\/plunderteig-fuer-kleingebaeck\/"},"author":{"name":"Pane Bistecca","@id":"https:\/\/pane-bistecca.com\/#\/schema\/person\/8f6864a6ceb0977c4008ee1208c02ee8"},"headline":"Plunderteig f\u00fcr Kleingeb\u00e4ck","datePublished":"2025-10-23T00:57:49+00:00","dateModified":"2025-10-23T00:57:50+00:00","mainEntityOfPage":{"@id":"https:\/\/pane-bistecca.com\/2025\/10\/23\/plunderteig-fuer-kleingebaeck\/"},"wordCount":1098,"commentCount":0,"publisher":{"@id":"https:\/\/pane-bistecca.com\/#\/schema\/person\/8f6864a6ceb0977c4008ee1208c02ee8"},"image":{"@id":"https:\/\/pane-bistecca.com\/2025\/10\/23\/plunderteig-fuer-kleingebaeck\/#primaryimage"},"thumbnailUrl":"https:\/\/pane-bistecca.com\/wp-content\/uploads\/2025\/10\/plu16.jpg","keywords":["Spraed","Dessert","Eggs","Karamell","Pastries","Chocolate","Sweets","Teige"],"articleSection":["Spraeds","From around the world","Desserts","Eggs","Europe","Celebration","Baked Goods","Birthday","Gifts from the Kitchen","Honey","Caramel","Pastries","Meals","Easter","Danish Pastry","Chocolate","Snack","Sweets","Doughs","Valentine&#039;s Day"],"inLanguage":"en-US","potentialAction":[{"@type":"CommentAction","name":"Comment","target":["https:\/\/pane-bistecca.com\/2025\/10\/23\/plunderteig-fuer-kleingebaeck\/#respond"]}]},{"@type":"WebPage","@id":"https:\/\/pane-bistecca.com\/2025\/10\/23\/plunderteig-fuer-kleingebaeck\/","url":"https:\/\/pane-bistecca.com\/2025\/10\/23\/plunderteig-fuer-kleingebaeck\/","name":"Plunderteig f\u00fcr Kleingeb\u00e4ck","isPartOf":{"@id":"https:\/\/pane-bistecca.com\/#website"},"primaryImageOfPage":{"@id":"https:\/\/pane-bistecca.com\/2025\/10\/23\/plunderteig-fuer-kleingebaeck\/#primaryimage"},"image":{"@id":"https:\/\/pane-bistecca.com\/2025\/10\/23\/plunderteig-fuer-kleingebaeck\/#primaryimage"},"thumbnailUrl":"https:\/\/pane-bistecca.com\/wp-content\/uploads\/2025\/10\/plu16.jpg","datePublished":"2025-10-23T00:57:49+00:00","dateModified":"2025-10-23T00:57:50+00:00","description":"Plunderteig f\u00fcr Kleingeb\u00e4ck, sch\u00f6n in Lagen gemacht, damit er knusprig wird. Er braucht aber l\u00e4ngere Zeit!","breadcrumb":{"@id":"https:\/\/pane-bistecca.com\/2025\/10\/23\/plunderteig-fuer-kleingebaeck\/#breadcrumb"},"inLanguage":"en-US","potentialAction":[{"@type":"ReadAction","target":["https:\/\/pane-bistecca.com\/2025\/10\/23\/plunderteig-fuer-kleingebaeck\/"]}]},{"@type":"ImageObject","inLanguage":"en-US","@id":"https:\/\/pane-bistecca.com\/2025\/10\/23\/plunderteig-fuer-kleingebaeck\/#primaryimage","url":"https:\/\/pane-bistecca.com\/wp-content\/uploads\/2025\/10\/plu16.jpg","contentUrl":"https:\/\/pane-bistecca.com\/wp-content\/uploads\/2025\/10\/plu16.jpg","width":1024,"height":686},{"@type":"BreadcrumbList","@id":"https:\/\/pane-bistecca.com\/2025\/10\/23\/plunderteig-fuer-kleingebaeck\/#breadcrumb","itemListElement":[{"@type":"ListItem","position":1,"name":"Home","item":"https:\/\/pane-bistecca.com\/"},{"@type":"ListItem","position":2,"name":"Plunderteig f\u00fcr Kleingeb\u00e4ck"}]},{"@type":"WebSite","@id":"https:\/\/pane-bistecca.com\/#website","url":"https:\/\/pane-bistecca.com\/","name":"Pane Bistecca","description":"World Class Cooking","publisher":{"@id":"https:\/\/pane-bistecca.com\/#\/schema\/person\/8f6864a6ceb0977c4008ee1208c02ee8"},"alternateName":"P-B","potentialAction":[{"@type":"SearchAction","target":{"@type":"EntryPoint","urlTemplate":"https:\/\/pane-bistecca.com\/?s={search_term_string}"},"query-input":{"@type":"PropertyValueSpecification","valueRequired":true,"valueName":"search_term_string"}}],"inLanguage":"en-US"},{"@type":["Person","Organization"],"@id":"https:\/\/pane-bistecca.com\/#\/schema\/person\/8f6864a6ceb0977c4008ee1208c02ee8","name":"Pane Bistecca","image":{"@type":"ImageObject","inLanguage":"en-US","@id":"https:\/\/pane-bistecca.com\/#\/schema\/person\/image\/","url":"https:\/\/pane-bistecca.com\/wp-content\/uploads\/2023\/11\/logo1.jpg","contentUrl":"https:\/\/pane-bistecca.com\/wp-content\/uploads\/2023\/11\/logo1.jpg","width":184,"height":204,"caption":"Pane Bistecca"},"logo":{"@id":"https:\/\/pane-bistecca.com\/#\/schema\/person\/image\/"},"sameAs":["https:\/\/pane-bistecca.com"],"url":"https:\/\/pane-bistecca.com\/en\/author\/pane-bistecca\/"}]}},"_links":{"self":[{"href":"https:\/\/pane-bistecca.com\/en\/wp-json\/wp\/v2\/posts\/166296","targetHints":{"allow":["GET"]}}],"collection":[{"href":"https:\/\/pane-bistecca.com\/en\/wp-json\/wp\/v2\/posts"}],"about":[{"href":"https:\/\/pane-bistecca.com\/en\/wp-json\/wp\/v2\/types\/post"}],"author":[{"embeddable":true,"href":"https:\/\/pane-bistecca.com\/en\/wp-json\/wp\/v2\/users\/5"}],"replies":[{"embeddable":true,"href":"https:\/\/pane-bistecca.com\/en\/wp-json\/wp\/v2\/comments?post=166296"}],"version-history":[{"count":4,"href":"https:\/\/pane-bistecca.com\/en\/wp-json\/wp\/v2\/posts\/166296\/revisions"}],"predecessor-version":[{"id":166314,"href":"https:\/\/pane-bistecca.com\/en\/wp-json\/wp\/v2\/posts\/166296\/revisions\/166314"}],"wp:featuredmedia":[{"embeddable":true,"href":"https:\/\/pane-bistecca.com\/en\/wp-json\/wp\/v2\/media\/166308"}],"wp:attachment":[{"href":"https:\/\/pane-bistecca.com\/en\/wp-json\/wp\/v2\/media?parent=166296"}],"wp:term":[{"taxonomy":"category","embeddable":true,"href":"https:\/\/pane-bistecca.com\/en\/wp-json\/wp\/v2\/categories?post=166296"},{"taxonomy":"post_tag","embeddable":true,"href":"https:\/\/pane-bistecca.com\/en\/wp-json\/wp\/v2\/tags?post=166296"}],"curies":[{"name":"wp","href":"https:\/\/api.w.org\/{rel}","templated":true}]}}