{"id":164855,"date":"2025-04-15T11:34:00","date_gmt":"2025-04-15T03:34:00","guid":{"rendered":"https:\/\/pane-bistecca.com\/?p=164855"},"modified":"2025-04-15T11:34:01","modified_gmt":"2025-04-15T03:34:01","slug":"ostereier-faerben-im-tm6","status":"publish","type":"post","link":"https:\/\/pane-bistecca.com\/en\/2025\/04\/15\/ostereier-faerben-im-tm6\/","title":{"rendered":"Ostereier F\u00e4rben im TM6"},"content":{"rendered":"\n<figure class=\"wp-block-image size-full\"><img loading=\"lazy\" decoding=\"async\" width=\"1024\" height=\"577\" src=\"https:\/\/pane-bistecca.com\/wp-content\/uploads\/2025\/04\/eie10.jpg\" alt=\"Ostereier F\u00e4rben im TM6\" class=\"wp-image-164856\" srcset=\"https:\/\/pane-bistecca.com\/wp-content\/uploads\/2025\/04\/eie10.jpg 1024w, https:\/\/pane-bistecca.com\/wp-content\/uploads\/2025\/04\/eie10-300x169.jpg 300w, https:\/\/pane-bistecca.com\/wp-content\/uploads\/2025\/04\/eie10-768x433.jpg 768w, https:\/\/pane-bistecca.com\/wp-content\/uploads\/2025\/04\/eie10-360x203.jpg 360w\" sizes=\"auto, (max-width: 1024px) 100vw, 1024px\" \/><\/figure>\n\n\n\n<div class=\"post-recipe-block with-bg\" id=\"post-recipe-block\" vocab=\"https:\/\/schema.org\/\" typeof=\"Recipe\">\n    \n    <div class=\"post-recipe-header\"><h3 property=\"name\">Coloring Easter Eggs in the TM6<\/h3><div class=\"rdf-hidden\" property=\"author\">Pane-Bistecca<\/div><\/div>\n        <div class=\"post-recipe-summary clearfix\">\n       Dyeing Easter eggs in the TM6 is very easy and requires little effort. All you need are raw eggs, water and natural color powder. <br><br>\n I had obtained bags of ground sandalwood and cochineal color powder in Switzerland, which dyes everything reddish. Then I also found a powder of annatto seeds and sandalwood and another of mallow flowers and mate leaves. These are all natural colors that don&#8217;t produce bright shades but are more pastel. <br><br>\nI first made a bag with each of the basic colors and then mixed the colors to create several shades. \n        <br><br>\n\t\tIt&#8217;s really easy in the TM6, I think I&#8217;ll only dye eggs like this now!     <\/div>\n        <div class=\"post-recipe-icons-row\">\n                <div class=\"post-recipe-icon\">\n            <i class=\"fa fa-cutlery\" aria-hidden=\"true\"><\/i>\n            <div class=\"post-recipe-icon-details\">\n                <div class=\"post-recipe-icon-title\">Prep time<\/div>\n                <div class=\"post-recipe-icon-value\">10 min<\/div>\n            <\/div>\n        <\/div>\n                        <div class=\"post-recipe-icon\">\n            <i class=\"fa fa-clock-o\" aria-hidden=\"true\"><\/i>\n            <div class=\"post-recipe-icon-details\">\n                <div class=\"post-recipe-icon-title\">Cooking time<\/div>\n                <div class=\"post-recipe-icon-value\">15 min<\/div>\n            <\/div>\n        <\/div>\n                        <div class=\"post-recipe-icon\">\n            <i class=\"fa fa-users\" aria-hidden=\"true\"><\/i>\n            <div class=\"post-recipe-icon-details\">\n                <div class=\"post-recipe-icon-title\">Portions<\/div>\n                <div class=\"post-recipe-icon-value\">to taste<\/div>\n            <\/div>\n        <\/div>\n                        <div class=\"post-recipe-icon\">\n            <i class=\"fa fa-check-square-o\" aria-hidden=\"true\"><\/i>\n            <div class=\"post-recipe-icon-details\">\n                <div class=\"post-recipe-icon-title\">Total time<\/div>\n                <div class=\"post-recipe-icon-value\">25 min<\/div>\n            <\/div>\n        <\/div>\n            <\/div>\n\n        <div class=\"post-recipe-details\">\n            <div class=\"post-recipe-details-column\">\n\n\t            <h4>Ingredients<\/h4>\n\n\t            <ul>\n\t                <li><i class=\"fa fa-check\" aria-hidden=\"true\"><\/i><p property=\"recipeIngredient\">500 ml Water<\/p><\/li>\n\t                <li><i class=\"fa fa-check\" aria-hidden=\"true\"><\/i><p property=\"recipeIngredient\">raw Eggs to taste<\/p><\/li>\n\t                <li><i class=\"fa fa-check\" aria-hidden=\"true\"><\/i><p property=\"recipeIngredient\">natural Egg coloring in Powder<\/p><\/li>\n                        <li><i class=\"fa fa-check\" aria-hidden=\"true\"><\/i><p property=\"recipeIngredient\">Plastic bags<\/p><\/li>\n                        <li><i class=\"fa fa-check\" aria-hidden=\"true\"><\/i><p property=\"recipeIngredient\">1 Coffee Cup<\/p><\/li>\n\t                \n\t                \n\t                \n\t            <\/ul>\n\n\t        <\/div>\n        <\/div>\n    \n        <div class=\"post-recipe-instructions-group\">\n        <h4>Instructions<\/h4>\n                        <div class=\"post-recipe-instruction\">\n            <div class=\"post-recipe-step\">1<\/div>\n            <div class=\"post-recipe-instruction-content\">\n                                <div class=\"post-recipe-instruction-title\"><h4 property=\"recipeInstructions\">Step 1<\/h4><\/div>\n                                                <div class=\"post-recipe-instruction-text\" property=\"recipeInstructions\">Pour 500 ml of water into the TM6 pot. <\/div>\n                            <\/div>\n        <\/div>\n                        <div class=\"post-recipe-instruction\">\n            <div class=\"post-recipe-step\">2<\/div>\n            <div class=\"post-recipe-instruction-content\">\n                                <div class=\"post-recipe-instruction-title\"><h4 property=\"recipeInstructions\">Step 2<\/h4><\/div>\n                                                <div class=\"post-recipe-instruction-text\" property=\"recipeInstructions\">Put 2 teaspoons of color powder into a plastic bag in a cup and mix with a little water. \n<\/div>\n                            <\/div>\n        <\/div>\n                        <div class=\"post-recipe-instruction\">\n            <div class=\"post-recipe-step\">3<\/div>\n            <div class=\"post-recipe-instruction-content\">\n                                <div class=\"post-recipe-instruction-title\"><h4 property=\"recipeInstructions\">Step 3<\/h4><\/div>\n                                                <div class=\"post-recipe-instruction-text\" property=\"recipeInstructions\">Add 2-3 eggs and add enough water to cover them. Close the bag tightly and place in the small cooking basket of the TM6. I cooked 2 bags at a time, so 6 eggs in one. \n<\/div>\n                            <\/div>\n        <\/div>\n                        <div class=\"post-recipe-instruction\">\n            <div class=\"post-recipe-step\">4<\/div>\n            <div class=\"post-recipe-instruction-content\">\n                                <div class=\"post-recipe-instruction-title\"><h4 property=\"recipeInstructions\">Step 4<\/h4><\/div>\n                                                <div class=\"post-recipe-instruction-text\" property=\"recipeInstructions\">Set the Thermomix: 15 minutes\/ 90 C degrees\/ level 1, put the measuring cup on.\n<\/div>\n                            <\/div>\n        <\/div>\n<div class=\"post-recipe-instruction\">\n            <div class=\"post-recipe-step\">5<\/div>\n            <div class=\"post-recipe-instruction-content\">\n                                <div class=\"post-recipe-instruction-title\"><h4 property=\"recipeInstructions\">Step 5<\/h4><\/div>\n                                                <div class=\"post-recipe-instruction-text\" property=\"recipeInstructions\">After cooking, remove the pot from the TM6 and carefully transfer the bags from the basket to the sink. Cut open the bag and pour off the color, cool the eggs in ice water.\n<\/div>\n                            <\/div>\n        <\/div>\n<div class=\"post-recipe-instruction\">\n            <div class=\"post-recipe-step\">6<\/div>\n            <div class=\"post-recipe-instruction-content\">\n                                <div class=\"post-recipe-instruction-title\"><h4 property=\"recipeInstructions\">Step 6<\/h4><\/div>\n                                                <div class=\"post-recipe-instruction-text\" property=\"recipeInstructions\">Then rinse the eggs well and put them in the egg carton to dry.\n<\/div>\n                            <\/div>\n        <\/div>\n            <\/div>\n    \n        <div class=\"post-recipe-notes\">\n        <h4>Notes<\/h4>\n        <a href=\"https:\/\/pane-bistecca.com\/2020\/04\/03\/wie-man-ostereier-backt-und-faerbt-how-to-bake-and-color-easter-eggs\/\">Baking and coloring Easter Egga<\/a>,  <a href=\"https:\/\/pane-bistecca.com\/2024\/04\/18\/eierfaerben-mit-zwiebeln-und-knoblauch\/\">Coloring with Garlic and Onion<\/a>, <a href=\"https:\/\/pane-bistecca.com\/2021\/03\/29\/ostereier-farben-mit-rasierschaum-coloring-easter-eggs-with-shaving-cream\/\">Coloring with Shaving Cream<\/a>, <a href=\"https:\/\/pane-bistecca.com\/2019\/04\/18\/ostereier-easter-eggs\/\">Coloring with Kitchen towels<\/a>.    <\/div>\n    <\/div>\n\n\n\n<figure class=\"wp-block-image size-full\"><img loading=\"lazy\" decoding=\"async\" width=\"1024\" height=\"577\" src=\"https:\/\/pane-bistecca.com\/wp-content\/uploads\/2025\/04\/eie1.jpg\" alt=\"\" class=\"wp-image-164857\" srcset=\"https:\/\/pane-bistecca.com\/wp-content\/uploads\/2025\/04\/eie1.jpg 1024w, https:\/\/pane-bistecca.com\/wp-content\/uploads\/2025\/04\/eie1-300x169.jpg 300w, https:\/\/pane-bistecca.com\/wp-content\/uploads\/2025\/04\/eie1-768x433.jpg 768w, https:\/\/pane-bistecca.com\/wp-content\/uploads\/2025\/04\/eie1-360x203.jpg 360w\" sizes=\"auto, (max-width: 1024px) 100vw, 1024px\" \/><\/figure>\n\n\n\n<figure class=\"wp-block-image size-full\"><img loading=\"lazy\" decoding=\"async\" width=\"1024\" height=\"577\" src=\"https:\/\/pane-bistecca.com\/wp-content\/uploads\/2025\/04\/eie2.jpg\" alt=\"Ostereier F\u00e4rben im TM6\" class=\"wp-image-164862\" srcset=\"https:\/\/pane-bistecca.com\/wp-content\/uploads\/2025\/04\/eie2.jpg 1024w, https:\/\/pane-bistecca.com\/wp-content\/uploads\/2025\/04\/eie2-300x169.jpg 300w, https:\/\/pane-bistecca.com\/wp-content\/uploads\/2025\/04\/eie2-768x433.jpg 768w, https:\/\/pane-bistecca.com\/wp-content\/uploads\/2025\/04\/eie2-360x203.jpg 360w\" sizes=\"auto, (max-width: 1024px) 100vw, 1024px\" \/><\/figure>\n\n\n\n<figure class=\"wp-block-image size-full\"><img loading=\"lazy\" decoding=\"async\" width=\"1024\" height=\"577\" src=\"https:\/\/pane-bistecca.com\/wp-content\/uploads\/2025\/04\/eie4.jpg\" alt=\"\" class=\"wp-image-164858\" srcset=\"https:\/\/pane-bistecca.com\/wp-content\/uploads\/2025\/04\/eie4.jpg 1024w, https:\/\/pane-bistecca.com\/wp-content\/uploads\/2025\/04\/eie4-300x169.jpg 300w, https:\/\/pane-bistecca.com\/wp-content\/uploads\/2025\/04\/eie4-768x433.jpg 768w, https:\/\/pane-bistecca.com\/wp-content\/uploads\/2025\/04\/eie4-360x203.jpg 360w\" sizes=\"auto, (max-width: 1024px) 100vw, 1024px\" \/><\/figure>\n\n\n\n<figure class=\"wp-block-image size-full\"><img loading=\"lazy\" decoding=\"async\" width=\"1024\" height=\"635\" src=\"https:\/\/pane-bistecca.com\/wp-content\/uploads\/2025\/04\/eie9.jpg\" alt=\"Ostereier F\u00e4rben im TM6\" class=\"wp-image-164860\" srcset=\"https:\/\/pane-bistecca.com\/wp-content\/uploads\/2025\/04\/eie9.jpg 1024w, https:\/\/pane-bistecca.com\/wp-content\/uploads\/2025\/04\/eie9-300x186.jpg 300w, https:\/\/pane-bistecca.com\/wp-content\/uploads\/2025\/04\/eie9-768x476.jpg 768w, https:\/\/pane-bistecca.com\/wp-content\/uploads\/2025\/04\/eie9-360x223.jpg 360w\" sizes=\"auto, (max-width: 1024px) 100vw, 1024px\" \/><\/figure>\n\n\n\n<figure class=\"wp-block-image size-large\"><img loading=\"lazy\" decoding=\"async\" width=\"526\" height=\"1024\" src=\"https:\/\/pane-bistecca.com\/wp-content\/uploads\/2025\/04\/eie6-526x1024.jpg\" alt=\"Ostereier F\u00e4rben im TM6\" class=\"wp-image-164859\" srcset=\"https:\/\/pane-bistecca.com\/wp-content\/uploads\/2025\/04\/eie6-526x1024.jpg 526w, https:\/\/pane-bistecca.com\/wp-content\/uploads\/2025\/04\/eie6-154x300.jpg 154w, https:\/\/pane-bistecca.com\/wp-content\/uploads\/2025\/04\/eie6-768x1494.jpg 768w, https:\/\/pane-bistecca.com\/wp-content\/uploads\/2025\/04\/eie6-790x1536.jpg 790w, https:\/\/pane-bistecca.com\/wp-content\/uploads\/2025\/04\/eie6-360x700.jpg 360w, https:\/\/pane-bistecca.com\/wp-content\/uploads\/2025\/04\/eie6.jpg 1024w\" sizes=\"auto, (max-width: 526px) 100vw, 526px\" \/><\/figure>\n\n\n\n<figure class=\"wp-block-image size-full\"><img loading=\"lazy\" decoding=\"async\" width=\"1024\" height=\"635\" src=\"https:\/\/pane-bistecca.com\/wp-content\/uploads\/2025\/04\/eie9-1.jpg\" alt=\"Ostereier F\u00e4rben im TM6\" class=\"wp-image-164861\" srcset=\"https:\/\/pane-bistecca.com\/wp-content\/uploads\/2025\/04\/eie9-1.jpg 1024w, https:\/\/pane-bistecca.com\/wp-content\/uploads\/2025\/04\/eie9-1-300x186.jpg 300w, https:\/\/pane-bistecca.com\/wp-content\/uploads\/2025\/04\/eie9-1-768x476.jpg 768w, https:\/\/pane-bistecca.com\/wp-content\/uploads\/2025\/04\/eie9-1-360x223.jpg 360w\" sizes=\"auto, (max-width: 1024px) 100vw, 1024px\" \/><\/figure>\n\n\n<div class=\"wp-block-image\">\n<figure class=\"aligncenter size-full\"><img loading=\"lazy\" decoding=\"async\" width=\"138\" height=\"66\" src=\"https:\/\/pane-bistecca.com\/wp-content\/uploads\/2025\/03\/9267017_orig.jpg\" alt=\"\" class=\"wp-image-164232\"\/><\/figure>\n<\/div>","protected":false},"excerpt":{"rendered":"<p>Coloring Easter Eggs in the TM6 Pane-Bistecca Dyeing Easter eggs in the TM6 is very easy and requires little effort. All you&#8230;<\/p>\n","protected":false},"author":5,"featured_media":164856,"comment_status":"open","ping_status":"open","sticky":false,"template":"","format":"gallery","meta":{"footnotes":""},"categories":[639,5,85,1280,230,243,361,431,184,77,1279,1397,23],"tags":[88,415,363,607,352,83,1469,27],"class_list":{"0":"post-164855","1":"post","2":"type-post","3":"status-publish","4":"format-gallery","5":"has-post-thumbnail","7":"category-from-around-the-world","8":"category-easy","9":"category-eggs","10":"category-europa","11":"category-celebration","12":"category-gifts-from-the-kitchen","13":"category-glutenfrei","14":"category-lactose-free","15":"category-easter","16":"category-switzerland","17":"category-specials","18":"category-thermomix-tm6","19":"category-vegetarisch","20":"tag-eggs","21":"tag-gift","22":"tag-glutenfrei","23":"tag-naturliche-farben","24":"tag-ostern","25":"tag-switzerland","26":"tag-thermomix6","27":"tag-vegetarisch","28":"post_format-post-format-gallery"},"yoast_head":"<!-- This site is optimized with the Yoast SEO plugin v24.7 - https:\/\/yoast.com\/wordpress\/plugins\/seo\/ -->\n<title>Ostereier F\u00e4rben im TM6<\/title>\n<meta name=\"description\" content=\"Ostereier F\u00e4rben im TM6, ganz einfach und schnell - ohne grossen Aufwand - gemacht. Sie werden sehr sch\u00f6n!\" \/>\n<meta name=\"robots\" content=\"index, follow, max-snippet:-1, max-image-preview:large, max-video-preview:-1\" \/>\n<link rel=\"canonical\" href=\"https:\/\/pane-bistecca.com\/en\/2025\/04\/15\/ostereier-faerben-im-tm6\/\" \/>\n<meta property=\"og:locale\" content=\"en_US\" \/>\n<meta property=\"og:locale:alternate\" content=\"de_DE\" \/>\n<meta property=\"og:type\" content=\"article\" \/>\n<meta property=\"og:title\" content=\"Ostereier F\u00e4rben im TM6\" \/>\n<meta property=\"og:description\" content=\"Ostereier F\u00e4rben im TM6, ganz einfach und schnell - ohne grossen Aufwand - gemacht. Sie werden sehr sch\u00f6n!\" \/>\n<meta property=\"og:url\" content=\"https:\/\/pane-bistecca.com\/en\/2025\/04\/15\/ostereier-faerben-im-tm6\/\" \/>\n<meta property=\"og:site_name\" content=\"Pane-Bistecca\" \/>\n<meta property=\"article:published_time\" content=\"2025-04-15T03:34:00+00:00\" \/>\n<meta property=\"article:modified_time\" content=\"2025-04-15T03:34:01+00:00\" \/>\n<meta property=\"og:image\" content=\"https:\/\/pane-bistecca.com\/wp-content\/uploads\/2025\/04\/eie10.jpg\" \/>\n\t<meta property=\"og:image:width\" content=\"1024\" \/>\n\t<meta property=\"og:image:height\" content=\"577\" \/>\n\t<meta property=\"og:image:type\" content=\"image\/jpeg\" \/>\n<meta name=\"author\" content=\"Pane Bistecca\" \/>\n<meta name=\"twitter:card\" content=\"summary_large_image\" \/>\n<meta name=\"twitter:label1\" content=\"Written by\" \/>\n\t<meta name=\"twitter:data1\" content=\"Pane Bistecca\" \/>\n\t<meta name=\"twitter:label2\" content=\"Est. reading time\" \/>\n\t<meta name=\"twitter:data2\" content=\"4 minutes\" \/>\n<script type=\"application\/ld+json\" class=\"yoast-schema-graph\">{\"@context\":\"https:\/\/schema.org\",\"@graph\":[{\"@type\":\"Article\",\"@id\":\"https:\/\/pane-bistecca.com\/2025\/04\/15\/ostereier-faerben-im-tm6\/#article\",\"isPartOf\":{\"@id\":\"https:\/\/pane-bistecca.com\/2025\/04\/15\/ostereier-faerben-im-tm6\/\"},\"author\":{\"name\":\"Pane Bistecca\",\"@id\":\"https:\/\/pane-bistecca.com\/#\/schema\/person\/8f6864a6ceb0977c4008ee1208c02ee8\"},\"headline\":\"Ostereier F\u00e4rben im TM6\",\"datePublished\":\"2025-04-15T03:34:00+00:00\",\"dateModified\":\"2025-04-15T03:34:01+00:00\",\"mainEntityOfPage\":{\"@id\":\"https:\/\/pane-bistecca.com\/2025\/04\/15\/ostereier-faerben-im-tm6\/\"},\"wordCount\":594,\"commentCount\":0,\"publisher\":{\"@id\":\"https:\/\/pane-bistecca.com\/#\/schema\/person\/8f6864a6ceb0977c4008ee1208c02ee8\"},\"image\":{\"@id\":\"https:\/\/pane-bistecca.com\/2025\/04\/15\/ostereier-faerben-im-tm6\/#primaryimage\"},\"thumbnailUrl\":\"https:\/\/pane-bistecca.com\/wp-content\/uploads\/2025\/04\/eie10.jpg\",\"keywords\":[\"Eggs\",\"Gift\",\"Gluten-free\",\"Natural Color\",\"Easter\",\"Switzerland\",\"Thermomix6\",\"Vegetarian\"],\"articleSection\":[\"From around the world\",\"Easy\",\"Eggs\",\"Europe\",\"Celebration\",\"Gifts from the Kitchen\",\"Gluten-free\",\"Lactose-free\",\"Easter\",\"Switzerland\",\"Specials\",\"Thermomix TM6\",\"Vegetarian\"],\"inLanguage\":\"en-US\",\"potentialAction\":[{\"@type\":\"CommentAction\",\"name\":\"Comment\",\"target\":[\"https:\/\/pane-bistecca.com\/2025\/04\/15\/ostereier-faerben-im-tm6\/#respond\"]}]},{\"@type\":\"WebPage\",\"@id\":\"https:\/\/pane-bistecca.com\/2025\/04\/15\/ostereier-faerben-im-tm6\/\",\"url\":\"https:\/\/pane-bistecca.com\/2025\/04\/15\/ostereier-faerben-im-tm6\/\",\"name\":\"Ostereier F\u00e4rben im TM6\",\"isPartOf\":{\"@id\":\"https:\/\/pane-bistecca.com\/#website\"},\"primaryImageOfPage\":{\"@id\":\"https:\/\/pane-bistecca.com\/2025\/04\/15\/ostereier-faerben-im-tm6\/#primaryimage\"},\"image\":{\"@id\":\"https:\/\/pane-bistecca.com\/2025\/04\/15\/ostereier-faerben-im-tm6\/#primaryimage\"},\"thumbnailUrl\":\"https:\/\/pane-bistecca.com\/wp-content\/uploads\/2025\/04\/eie10.jpg\",\"datePublished\":\"2025-04-15T03:34:00+00:00\",\"dateModified\":\"2025-04-15T03:34:01+00:00\",\"description\":\"Ostereier F\u00e4rben im TM6, ganz einfach und schnell - ohne grossen Aufwand - gemacht. Sie werden sehr sch\u00f6n!\",\"breadcrumb\":{\"@id\":\"https:\/\/pane-bistecca.com\/2025\/04\/15\/ostereier-faerben-im-tm6\/#breadcrumb\"},\"inLanguage\":\"en-US\",\"potentialAction\":[{\"@type\":\"ReadAction\",\"target\":[\"https:\/\/pane-bistecca.com\/2025\/04\/15\/ostereier-faerben-im-tm6\/\"]}]},{\"@type\":\"ImageObject\",\"inLanguage\":\"en-US\",\"@id\":\"https:\/\/pane-bistecca.com\/2025\/04\/15\/ostereier-faerben-im-tm6\/#primaryimage\",\"url\":\"https:\/\/pane-bistecca.com\/wp-content\/uploads\/2025\/04\/eie10.jpg\",\"contentUrl\":\"https:\/\/pane-bistecca.com\/wp-content\/uploads\/2025\/04\/eie10.jpg\",\"width\":1024,\"height\":577},{\"@type\":\"BreadcrumbList\",\"@id\":\"https:\/\/pane-bistecca.com\/2025\/04\/15\/ostereier-faerben-im-tm6\/#breadcrumb\",\"itemListElement\":[{\"@type\":\"ListItem\",\"position\":1,\"name\":\"Home\",\"item\":\"https:\/\/pane-bistecca.com\/\"},{\"@type\":\"ListItem\",\"position\":2,\"name\":\"Ostereier F\u00e4rben im TM6\"}]},{\"@type\":\"WebSite\",\"@id\":\"https:\/\/pane-bistecca.com\/#website\",\"url\":\"https:\/\/pane-bistecca.com\/\",\"name\":\"Pane Bistecca\",\"description\":\"World Class Cooking\",\"publisher\":{\"@id\":\"https:\/\/pane-bistecca.com\/#\/schema\/person\/8f6864a6ceb0977c4008ee1208c02ee8\"},\"alternateName\":\"P-B\",\"potentialAction\":[{\"@type\":\"SearchAction\",\"target\":{\"@type\":\"EntryPoint\",\"urlTemplate\":\"https:\/\/pane-bistecca.com\/?s={search_term_string}\"},\"query-input\":{\"@type\":\"PropertyValueSpecification\",\"valueRequired\":true,\"valueName\":\"search_term_string\"}}],\"inLanguage\":\"en-US\"},{\"@type\":[\"Person\",\"Organization\"],\"@id\":\"https:\/\/pane-bistecca.com\/#\/schema\/person\/8f6864a6ceb0977c4008ee1208c02ee8\",\"name\":\"Pane Bistecca\",\"image\":{\"@type\":\"ImageObject\",\"inLanguage\":\"en-US\",\"@id\":\"https:\/\/pane-bistecca.com\/#\/schema\/person\/image\/\",\"url\":\"https:\/\/pane-bistecca.com\/wp-content\/uploads\/2023\/11\/logo1.jpg\",\"contentUrl\":\"https:\/\/pane-bistecca.com\/wp-content\/uploads\/2023\/11\/logo1.jpg\",\"width\":184,\"height\":204,\"caption\":\"Pane Bistecca\"},\"logo\":{\"@id\":\"https:\/\/pane-bistecca.com\/#\/schema\/person\/image\/\"},\"sameAs\":[\"https:\/\/pane-bistecca.com\"],\"url\":\"https:\/\/pane-bistecca.com\/en\/author\/pane-bistecca\/\"}]}<\/script>\n<!-- \/ Yoast SEO plugin. -->","yoast_head_json":{"title":"Ostereier F\u00e4rben im TM6","description":"Ostereier F\u00e4rben im TM6, ganz einfach und schnell - ohne grossen Aufwand - gemacht. Sie werden sehr sch\u00f6n!","robots":{"index":"index","follow":"follow","max-snippet":"max-snippet:-1","max-image-preview":"max-image-preview:large","max-video-preview":"max-video-preview:-1"},"canonical":"https:\/\/pane-bistecca.com\/en\/2025\/04\/15\/ostereier-faerben-im-tm6\/","og_locale":"en_US","og_type":"article","og_title":"[:de]Ostereier F\u00e4rben im TM6[:]","og_description":"[:de]Ostereier F\u00e4rben im TM6, ganz einfach und schnell - ohne grossen Aufwand - gemacht. Sie werden sehr sch\u00f6n![:]","og_url":"https:\/\/pane-bistecca.com\/en\/2025\/04\/15\/ostereier-faerben-im-tm6\/","og_site_name":"Pane-Bistecca","article_published_time":"2025-04-15T03:34:00+00:00","article_modified_time":"2025-04-15T03:34:01+00:00","og_image":[{"width":1024,"height":577,"url":"https:\/\/pane-bistecca.com\/wp-content\/uploads\/2025\/04\/eie10.jpg","type":"image\/jpeg"}],"author":"Pane Bistecca","twitter_card":"summary_large_image","twitter_misc":{"Written by":"Pane Bistecca","Est. reading time":"4 minutes"},"schema":{"@context":"https:\/\/schema.org","@graph":[{"@type":"Article","@id":"https:\/\/pane-bistecca.com\/2025\/04\/15\/ostereier-faerben-im-tm6\/#article","isPartOf":{"@id":"https:\/\/pane-bistecca.com\/2025\/04\/15\/ostereier-faerben-im-tm6\/"},"author":{"name":"Pane Bistecca","@id":"https:\/\/pane-bistecca.com\/#\/schema\/person\/8f6864a6ceb0977c4008ee1208c02ee8"},"headline":"Ostereier F\u00e4rben im TM6","datePublished":"2025-04-15T03:34:00+00:00","dateModified":"2025-04-15T03:34:01+00:00","mainEntityOfPage":{"@id":"https:\/\/pane-bistecca.com\/2025\/04\/15\/ostereier-faerben-im-tm6\/"},"wordCount":594,"commentCount":0,"publisher":{"@id":"https:\/\/pane-bistecca.com\/#\/schema\/person\/8f6864a6ceb0977c4008ee1208c02ee8"},"image":{"@id":"https:\/\/pane-bistecca.com\/2025\/04\/15\/ostereier-faerben-im-tm6\/#primaryimage"},"thumbnailUrl":"https:\/\/pane-bistecca.com\/wp-content\/uploads\/2025\/04\/eie10.jpg","keywords":["Eggs","Gift","Gluten-free","Natural Color","Easter","Switzerland","Thermomix6","Vegetarian"],"articleSection":["From around the world","Easy","Eggs","Europe","Celebration","Gifts from the Kitchen","Gluten-free","Lactose-free","Easter","Switzerland","Specials","Thermomix TM6","Vegetarian"],"inLanguage":"en-US","potentialAction":[{"@type":"CommentAction","name":"Comment","target":["https:\/\/pane-bistecca.com\/2025\/04\/15\/ostereier-faerben-im-tm6\/#respond"]}]},{"@type":"WebPage","@id":"https:\/\/pane-bistecca.com\/2025\/04\/15\/ostereier-faerben-im-tm6\/","url":"https:\/\/pane-bistecca.com\/2025\/04\/15\/ostereier-faerben-im-tm6\/","name":"Ostereier F\u00e4rben im TM6","isPartOf":{"@id":"https:\/\/pane-bistecca.com\/#website"},"primaryImageOfPage":{"@id":"https:\/\/pane-bistecca.com\/2025\/04\/15\/ostereier-faerben-im-tm6\/#primaryimage"},"image":{"@id":"https:\/\/pane-bistecca.com\/2025\/04\/15\/ostereier-faerben-im-tm6\/#primaryimage"},"thumbnailUrl":"https:\/\/pane-bistecca.com\/wp-content\/uploads\/2025\/04\/eie10.jpg","datePublished":"2025-04-15T03:34:00+00:00","dateModified":"2025-04-15T03:34:01+00:00","description":"Ostereier F\u00e4rben im TM6, ganz einfach und schnell - ohne grossen Aufwand - gemacht. Sie werden sehr sch\u00f6n!","breadcrumb":{"@id":"https:\/\/pane-bistecca.com\/2025\/04\/15\/ostereier-faerben-im-tm6\/#breadcrumb"},"inLanguage":"en-US","potentialAction":[{"@type":"ReadAction","target":["https:\/\/pane-bistecca.com\/2025\/04\/15\/ostereier-faerben-im-tm6\/"]}]},{"@type":"ImageObject","inLanguage":"en-US","@id":"https:\/\/pane-bistecca.com\/2025\/04\/15\/ostereier-faerben-im-tm6\/#primaryimage","url":"https:\/\/pane-bistecca.com\/wp-content\/uploads\/2025\/04\/eie10.jpg","contentUrl":"https:\/\/pane-bistecca.com\/wp-content\/uploads\/2025\/04\/eie10.jpg","width":1024,"height":577},{"@type":"BreadcrumbList","@id":"https:\/\/pane-bistecca.com\/2025\/04\/15\/ostereier-faerben-im-tm6\/#breadcrumb","itemListElement":[{"@type":"ListItem","position":1,"name":"Home","item":"https:\/\/pane-bistecca.com\/"},{"@type":"ListItem","position":2,"name":"Ostereier F\u00e4rben im TM6"}]},{"@type":"WebSite","@id":"https:\/\/pane-bistecca.com\/#website","url":"https:\/\/pane-bistecca.com\/","name":"Pane Bistecca","description":"World Class Cooking","publisher":{"@id":"https:\/\/pane-bistecca.com\/#\/schema\/person\/8f6864a6ceb0977c4008ee1208c02ee8"},"alternateName":"P-B","potentialAction":[{"@type":"SearchAction","target":{"@type":"EntryPoint","urlTemplate":"https:\/\/pane-bistecca.com\/?s={search_term_string}"},"query-input":{"@type":"PropertyValueSpecification","valueRequired":true,"valueName":"search_term_string"}}],"inLanguage":"en-US"},{"@type":["Person","Organization"],"@id":"https:\/\/pane-bistecca.com\/#\/schema\/person\/8f6864a6ceb0977c4008ee1208c02ee8","name":"Pane Bistecca","image":{"@type":"ImageObject","inLanguage":"en-US","@id":"https:\/\/pane-bistecca.com\/#\/schema\/person\/image\/","url":"https:\/\/pane-bistecca.com\/wp-content\/uploads\/2023\/11\/logo1.jpg","contentUrl":"https:\/\/pane-bistecca.com\/wp-content\/uploads\/2023\/11\/logo1.jpg","width":184,"height":204,"caption":"Pane Bistecca"},"logo":{"@id":"https:\/\/pane-bistecca.com\/#\/schema\/person\/image\/"},"sameAs":["https:\/\/pane-bistecca.com"],"url":"https:\/\/pane-bistecca.com\/en\/author\/pane-bistecca\/"}]}},"_links":{"self":[{"href":"https:\/\/pane-bistecca.com\/en\/wp-json\/wp\/v2\/posts\/164855","targetHints":{"allow":["GET"]}}],"collection":[{"href":"https:\/\/pane-bistecca.com\/en\/wp-json\/wp\/v2\/posts"}],"about":[{"href":"https:\/\/pane-bistecca.com\/en\/wp-json\/wp\/v2\/types\/post"}],"author":[{"embeddable":true,"href":"https:\/\/pane-bistecca.com\/en\/wp-json\/wp\/v2\/users\/5"}],"replies":[{"embeddable":true,"href":"https:\/\/pane-bistecca.com\/en\/wp-json\/wp\/v2\/comments?post=164855"}],"version-history":[{"count":2,"href":"https:\/\/pane-bistecca.com\/en\/wp-json\/wp\/v2\/posts\/164855\/revisions"}],"predecessor-version":[{"id":164864,"href":"https:\/\/pane-bistecca.com\/en\/wp-json\/wp\/v2\/posts\/164855\/revisions\/164864"}],"wp:featuredmedia":[{"embeddable":true,"href":"https:\/\/pane-bistecca.com\/en\/wp-json\/wp\/v2\/media\/164856"}],"wp:attachment":[{"href":"https:\/\/pane-bistecca.com\/en\/wp-json\/wp\/v2\/media?parent=164855"}],"wp:term":[{"taxonomy":"category","embeddable":true,"href":"https:\/\/pane-bistecca.com\/en\/wp-json\/wp\/v2\/categories?post=164855"},{"taxonomy":"post_tag","embeddable":true,"href":"https:\/\/pane-bistecca.com\/en\/wp-json\/wp\/v2\/tags?post=164855"}],"curies":[{"name":"wp","href":"https:\/\/api.w.org\/{rel}","templated":true}]}}