{"id":164031,"date":"2025-01-14T10:27:53","date_gmt":"2025-01-14T02:27:53","guid":{"rendered":"https:\/\/pane-bistecca.com\/?p=164031"},"modified":"2025-01-24T10:28:38","modified_gmt":"2025-01-24T02:28:38","slug":"fruehstuecks-omelett-mit-schinken","status":"publish","type":"post","link":"https:\/\/pane-bistecca.com\/en\/2025\/01\/14\/fruehstuecks-omelett-mit-schinken\/","title":{"rendered":"Fr\u00fchst\u00fccks-Omelett mit Schinken"},"content":{"rendered":"\n<figure class=\"wp-block-image size-full\"><img loading=\"lazy\" decoding=\"async\" width=\"1024\" height=\"591\" src=\"https:\/\/pane-bistecca.com\/wp-content\/uploads\/2025\/01\/oml10-1.jpg\" alt=\"Fr\u00fchst\u00fccks-Omelett mit Schinken \" class=\"wp-image-164032\" srcset=\"https:\/\/pane-bistecca.com\/wp-content\/uploads\/2025\/01\/oml10-1.jpg 1024w, https:\/\/pane-bistecca.com\/wp-content\/uploads\/2025\/01\/oml10-1-300x173.jpg 300w, https:\/\/pane-bistecca.com\/wp-content\/uploads\/2025\/01\/oml10-1-768x443.jpg 768w, https:\/\/pane-bistecca.com\/wp-content\/uploads\/2025\/01\/oml10-1-360x208.jpg 360w\" sizes=\"auto, (max-width: 1024px) 100vw, 1024px\" \/><\/figure>\n\n\n\n<div class=\"post-recipe-block with-bg\" id=\"post-recipe-block\" vocab=\"https:\/\/schema.org\/\" typeof=\"Recipe\">\n    \n    <div class=\"post-recipe-header\"><h3 property=\"name\">Breakfast Omelet with Ham<\/h3><div class=\"rdf-hidden\" property=\"author\">Pane-Bistecca<\/div><\/div>\n        <div class=\"post-recipe-summary clearfix\">\n       Once again, breakfast had to be spiced up and so I made this breakfast omelet with ham. <br><br>\nI used ingredients that were still available at home, you can add anything you like. I used onions, cherry tomatoes, ham, cheese and, of course, eggs. Season everything well and you&#8217;re ready to cook.  \n        <br><br>\n\t\tI used the Japanese method of cooking, where you cook the omelet piece by piece until you have a nice roll.     <\/div>\n        <div class=\"post-recipe-icons-row\">\n                <div class=\"post-recipe-icon\">\n            <i class=\"fa fa-cutlery\" aria-hidden=\"true\"><\/i>\n            <div class=\"post-recipe-icon-details\">\n                <div class=\"post-recipe-icon-title\">Prep time<\/div>\n                <div class=\"post-recipe-icon-value\">10 min<\/div>\n            <\/div>\n        <\/div>\n                        <div class=\"post-recipe-icon\">\n            <i class=\"fa fa-clock-o\" aria-hidden=\"true\"><\/i>\n            <div class=\"post-recipe-icon-details\">\n                <div class=\"post-recipe-icon-title\">Cooking time<\/div>\n                <div class=\"post-recipe-icon-value\">15 min<\/div>\n            <\/div>\n        <\/div>\n                        <div class=\"post-recipe-icon\">\n            <i class=\"fa fa-users\" aria-hidden=\"true\"><\/i>\n            <div class=\"post-recipe-icon-details\">\n                <div class=\"post-recipe-icon-title\">Portions<\/div>\n                <div class=\"post-recipe-icon-value\">2<\/div>\n            <\/div>\n        <\/div>\n                        <div class=\"post-recipe-icon\">\n            <i class=\"fa fa-check-square-o\" aria-hidden=\"true\"><\/i>\n            <div class=\"post-recipe-icon-details\">\n                <div class=\"post-recipe-icon-title\">Total time<\/div>\n                <div class=\"post-recipe-icon-value\">25 min<\/div>\n            <\/div>\n        <\/div>\n            <\/div>\n\n        <div class=\"post-recipe-details\">\n            <div class=\"post-recipe-details-column\">\n\n\t            <h4>Ingredients<\/h4>\n\n\t            <ul>\n\t                <li><i class=\"fa fa-check\" aria-hidden=\"true\"><\/i><p property=\"recipeIngredient\">4 Eggs<\/p><\/li>\n\t                <li><i class=\"fa fa-check\" aria-hidden=\"true\"><\/i><p property=\"recipeIngredient\">30 ml Milk<\/p><\/li>\n\t                <li><i class=\"fa fa-check\" aria-hidden=\"true\"><\/i><p property=\"recipeIngredient\">Salt and Pepper<\/p><\/li>\n\t                <li><i class=\"fa fa-check\" aria-hidden=\"true\"><\/i><p property=\"recipeIngredient\">Chili<\/p><\/li>\n\t                <li><i class=\"fa fa-check\" aria-hidden=\"true\"><\/i><p property=\"recipeIngredient\">Paprika<\/p><\/li>\n                        <li><i class=\"fa fa-check\" aria-hidden=\"true\"><\/i><p property=\"recipeIngredient\">\u00bd red onion, chopped<\/p><\/li>\n\t                <li><i class=\"fa fa-check\" aria-hidden=\"true\"><\/i><p property=\"recipeIngredient\">6 cherry tomatoes, chopped<\/p><\/li>\n\t                <li><i class=\"fa fa-check\" aria-hidden=\"true\"><\/i><p property=\"recipeIngredient\">3 slices of ham, finely chopped<\/p><\/li>\n\t                <li><i class=\"fa fa-check\" aria-hidden=\"true\"><\/i><p property=\"recipeIngredient\">2 slices of cheese, finely chopped<\/p><\/li>\n\t                <li><i class=\"fa fa-check\" aria-hidden=\"true\"><\/i><p property=\"recipeIngredient\">some Oil<\/p><\/li>\n\t                \n\t                \n\t            <\/ul>\n\n\t        <\/div>\n        <\/div>\n    \n        <div class=\"post-recipe-instructions-group\">\n        <h4>Instructions<\/h4>\n                        <div class=\"post-recipe-instruction\">\n            <div class=\"post-recipe-step\">1<\/div>\n            <div class=\"post-recipe-instruction-content\">\n                                <div class=\"post-recipe-instruction-title\"><h4 property=\"recipeInstructions\">Step 1<\/h4><\/div>\n                                                <div class=\"post-recipe-instruction-text\" property=\"recipeInstructions\">Mix the eggs with spices and milk. Add the remaining ingredients and mix well.\n <\/div>\n                            <\/div>\n        <\/div>\n                        <div class=\"post-recipe-instruction\">\n            <div class=\"post-recipe-step\">2<\/div>\n            <div class=\"post-recipe-instruction-content\">\n                                <div class=\"post-recipe-instruction-title\"><h4 property=\"recipeInstructions\">Step 2<\/h4><\/div>\n                                                <div class=\"post-recipe-instruction-text\" property=\"recipeInstructions\">Heat a little oil in a wide pan. \n<\/div>\n                            <\/div>\n        <\/div>\n                        <div class=\"post-recipe-instruction\">\n            <div class=\"post-recipe-step\">3<\/div>\n            <div class=\"post-recipe-instruction-content\">\n                                <div class=\"post-recipe-instruction-title\"><h4 property=\"recipeInstructions\">Step 3<\/h4><\/div>\n                                                <div class=\"post-recipe-instruction-text\" property=\"recipeInstructions\">Pour about 2\/3 of the mixture into the pan and fry lightly. Fold in the omelet on one side and push it backwards so that the pan is empty at the end of the omelet. Now pour in some more of the egg mixture. \n<\/div>\n                            <\/div>\n        <\/div>\n                        <div class=\"post-recipe-instruction\">\n            <div class=\"post-recipe-step\">4<\/div>\n            <div class=\"post-recipe-instruction-content\">\n                                <div class=\"post-recipe-instruction-title\"><h4 property=\"recipeInstructions\">Step 4<\/h4><\/div>\n                                                <div class=\"post-recipe-instruction-text\" property=\"recipeInstructions\">Fold in again, slide, add more mixture and so on until the whole omelet is well cooked and rolled up. Serve hot.\n<\/div>\n                            <\/div>\n        <\/div>\n            <\/div>\n    \n        <div class=\"post-recipe-notes\">\n        <h4>Notes<\/h4>\n        Enjoy! Here are more <a href=\"https:\/\/pane-bistecca.com\/category\/eggs\/omelette\/\">Omelet Recipes!<\/a>  <\/div>\n    <\/div>\n\n\n\n<figure class=\"wp-block-image size-full\"><img loading=\"lazy\" decoding=\"async\" width=\"1024\" height=\"720\" src=\"https:\/\/pane-bistecca.com\/wp-content\/uploads\/2025\/01\/oml1-1.jpg\" alt=\"\" class=\"wp-image-164033\" srcset=\"https:\/\/pane-bistecca.com\/wp-content\/uploads\/2025\/01\/oml1-1.jpg 1024w, https:\/\/pane-bistecca.com\/wp-content\/uploads\/2025\/01\/oml1-1-300x211.jpg 300w, https:\/\/pane-bistecca.com\/wp-content\/uploads\/2025\/01\/oml1-1-768x540.jpg 768w, https:\/\/pane-bistecca.com\/wp-content\/uploads\/2025\/01\/oml1-1-360x253.jpg 360w\" sizes=\"auto, (max-width: 1024px) 100vw, 1024px\" \/><\/figure>\n\n\n\n<figure class=\"wp-block-image size-full\"><img loading=\"lazy\" decoding=\"async\" width=\"1024\" height=\"723\" src=\"https:\/\/pane-bistecca.com\/wp-content\/uploads\/2025\/01\/oml3-1.jpg\" alt=\"Fr\u00fchst\u00fccks-Omelett mit Schinken\" class=\"wp-image-164034\" srcset=\"https:\/\/pane-bistecca.com\/wp-content\/uploads\/2025\/01\/oml3-1.jpg 1024w, https:\/\/pane-bistecca.com\/wp-content\/uploads\/2025\/01\/oml3-1-300x212.jpg 300w, https:\/\/pane-bistecca.com\/wp-content\/uploads\/2025\/01\/oml3-1-768x542.jpg 768w, https:\/\/pane-bistecca.com\/wp-content\/uploads\/2025\/01\/oml3-1-360x254.jpg 360w\" sizes=\"auto, (max-width: 1024px) 100vw, 1024px\" \/><\/figure>\n\n\n\n<figure class=\"wp-block-image size-full\"><img loading=\"lazy\" decoding=\"async\" width=\"1024\" height=\"784\" src=\"https:\/\/pane-bistecca.com\/wp-content\/uploads\/2025\/01\/oml4-1.jpg\" alt=\"Fr\u00fchst\u00fccks-Omelett mit Schinken\" class=\"wp-image-164035\" srcset=\"https:\/\/pane-bistecca.com\/wp-content\/uploads\/2025\/01\/oml4-1.jpg 1024w, https:\/\/pane-bistecca.com\/wp-content\/uploads\/2025\/01\/oml4-1-300x230.jpg 300w, https:\/\/pane-bistecca.com\/wp-content\/uploads\/2025\/01\/oml4-1-768x588.jpg 768w, https:\/\/pane-bistecca.com\/wp-content\/uploads\/2025\/01\/oml4-1-360x276.jpg 360w\" sizes=\"auto, (max-width: 1024px) 100vw, 1024px\" \/><\/figure>\n\n\n\n<figure class=\"wp-block-image size-large\"><img loading=\"lazy\" decoding=\"async\" width=\"715\" height=\"1024\" src=\"https:\/\/pane-bistecca.com\/wp-content\/uploads\/2025\/01\/oml7-715x1024.jpg\" alt=\"\" class=\"wp-image-164036\" srcset=\"https:\/\/pane-bistecca.com\/wp-content\/uploads\/2025\/01\/oml7-715x1024.jpg 715w, https:\/\/pane-bistecca.com\/wp-content\/uploads\/2025\/01\/oml7-210x300.jpg 210w, https:\/\/pane-bistecca.com\/wp-content\/uploads\/2025\/01\/oml7-768x1100.jpg 768w, https:\/\/pane-bistecca.com\/wp-content\/uploads\/2025\/01\/oml7-360x515.jpg 360w, https:\/\/pane-bistecca.com\/wp-content\/uploads\/2025\/01\/oml7.jpg 1024w\" sizes=\"auto, (max-width: 715px) 100vw, 715px\" \/><\/figure>\n\n\n\n<figure class=\"wp-block-image size-full\"><img loading=\"lazy\" decoding=\"async\" width=\"1024\" height=\"576\" src=\"https:\/\/pane-bistecca.com\/wp-content\/uploads\/2025\/01\/oml8-1.jpg\" alt=\"Fr\u00fchst\u00fccks-Omelett mit Schinken\" class=\"wp-image-164037\" srcset=\"https:\/\/pane-bistecca.com\/wp-content\/uploads\/2025\/01\/oml8-1.jpg 1024w, https:\/\/pane-bistecca.com\/wp-content\/uploads\/2025\/01\/oml8-1-300x169.jpg 300w, https:\/\/pane-bistecca.com\/wp-content\/uploads\/2025\/01\/oml8-1-768x432.jpg 768w, https:\/\/pane-bistecca.com\/wp-content\/uploads\/2025\/01\/oml8-1-360x203.jpg 360w\" sizes=\"auto, (max-width: 1024px) 100vw, 1024px\" \/><\/figure>\n\n\n\n<figure class=\"wp-block-image size-full\"><img loading=\"lazy\" decoding=\"async\" width=\"1024\" height=\"646\" src=\"https:\/\/pane-bistecca.com\/wp-content\/uploads\/2025\/01\/oml12-1.jpg\" alt=\"Fr\u00fchst\u00fccks-Omelett mit Schinken\" class=\"wp-image-164038\" srcset=\"https:\/\/pane-bistecca.com\/wp-content\/uploads\/2025\/01\/oml12-1.jpg 1024w, https:\/\/pane-bistecca.com\/wp-content\/uploads\/2025\/01\/oml12-1-300x189.jpg 300w, https:\/\/pane-bistecca.com\/wp-content\/uploads\/2025\/01\/oml12-1-768x485.jpg 768w, https:\/\/pane-bistecca.com\/wp-content\/uploads\/2025\/01\/oml12-1-360x227.jpg 360w\" sizes=\"auto, (max-width: 1024px) 100vw, 1024px\" \/><\/figure>\n\n\n\n<figure class=\"wp-block-image size-full\"><img loading=\"lazy\" decoding=\"async\" width=\"1024\" height=\"709\" src=\"https:\/\/pane-bistecca.com\/wp-content\/uploads\/2025\/01\/oml9-1.jpg\" alt=\"Fr\u00fchst\u00fccks-Omelett mit Schinken\" class=\"wp-image-164039\" srcset=\"https:\/\/pane-bistecca.com\/wp-content\/uploads\/2025\/01\/oml9-1.jpg 1024w, https:\/\/pane-bistecca.com\/wp-content\/uploads\/2025\/01\/oml9-1-300x208.jpg 300w, https:\/\/pane-bistecca.com\/wp-content\/uploads\/2025\/01\/oml9-1-768x532.jpg 768w, https:\/\/pane-bistecca.com\/wp-content\/uploads\/2025\/01\/oml9-1-360x249.jpg 360w\" sizes=\"auto, (max-width: 1024px) 100vw, 1024px\" \/><\/figure>\n\n\n<div class=\"wp-block-image\">\n<figure class=\"aligncenter size-full\"><img loading=\"lazy\" decoding=\"async\" width=\"138\" height=\"66\" src=\"https:\/\/pane-bistecca.com\/wp-content\/uploads\/2018\/09\/9267017_orig.jpg\" alt=\"\" class=\"wp-image-991\"\/><\/figure>\n<\/div>","protected":false},"excerpt":{"rendered":"<p>Breakfast Omelet with Ham Pane-Bistecca Once again, breakfast had to be spiced up and so I made this breakfast omelet with ham&#8230;.<\/p>\n","protected":false},"author":5,"featured_media":164039,"comment_status":"open","ping_status":"open","sticky":false,"template":"","format":"gallery","meta":{"footnotes":""},"categories":[639,139,85,1280,124,93,22,361,21,638,194,400,46,77,1279,65,100],"tags":[88,127,95,26,50,195,484,83,71,105],"class_list":{"0":"post-164031","1":"post","2":"type-post","3":"status-publish","4":"format-gallery","5":"has-post-thumbnail","7":"category-from-around-the-world","8":"category-chili","9":"category-eggs","10":"category-europa","11":"category-meat","12":"category-breakfast","13":"category-vegetables","14":"category-glutenfrei","15":"category-cheese","16":"category-meals","17":"category-omelette","18":"category-ham","19":"category-pork","20":"category-switzerland","21":"category-specials","22":"category-tomato","23":"category-onion","24":"tag-eggs","25":"tag-meat","26":"tag-fruehstueck","27":"tag-gemuse","28":"tag-main-dish","29":"tag-omelette","30":"tag-ham","31":"tag-switzerland","32":"tag-tomate","33":"tag-zwiebel","34":"post_format-post-format-gallery"},"yoast_head":"<!-- This site is optimized with the Yoast SEO plugin v24.7 - https:\/\/yoast.com\/wordpress\/plugins\/seo\/ -->\n<title>Fr\u00fchst\u00fccks-Omelett mit Schinken<\/title>\n<meta name=\"description\" content=\"Fr\u00fchst\u00fccks-Omelett mit Schinken, einfach und schnell gekocht. Man kann dazu s\u00e4mtliche Reste von Gem\u00fcsen verbrauchen.\" \/>\n<meta name=\"robots\" content=\"index, follow, max-snippet:-1, max-image-preview:large, max-video-preview:-1\" \/>\n<link rel=\"canonical\" href=\"https:\/\/pane-bistecca.com\/en\/2025\/01\/14\/fruehstuecks-omelett-mit-schinken\/\" \/>\n<meta property=\"og:locale\" content=\"en_US\" \/>\n<meta property=\"og:locale:alternate\" content=\"de_DE\" \/>\n<meta property=\"og:type\" content=\"article\" \/>\n<meta property=\"og:title\" content=\"Fr\u00fchst\u00fccks-Omelett mit Schinken\" \/>\n<meta property=\"og:description\" content=\"Fr\u00fchst\u00fccks-Omelett mit Schinken, einfach und schnell gekocht. Man kann dazu s\u00e4mtliche Reste von Gem\u00fcsen verbrauchen.\" \/>\n<meta property=\"og:url\" content=\"https:\/\/pane-bistecca.com\/en\/2025\/01\/14\/fruehstuecks-omelett-mit-schinken\/\" \/>\n<meta property=\"og:site_name\" content=\"Pane-Bistecca\" \/>\n<meta property=\"article:published_time\" content=\"2025-01-14T02:27:53+00:00\" \/>\n<meta property=\"article:modified_time\" content=\"2025-01-24T02:28:38+00:00\" \/>\n<meta property=\"og:image\" content=\"https:\/\/pane-bistecca.com\/wp-content\/uploads\/2025\/01\/oml9-1.jpg\" \/>\n\t<meta property=\"og:image:width\" content=\"1024\" \/>\n\t<meta property=\"og:image:height\" content=\"709\" \/>\n\t<meta property=\"og:image:type\" content=\"image\/jpeg\" \/>\n<meta name=\"author\" content=\"Pane Bistecca\" \/>\n<meta name=\"twitter:card\" content=\"summary_large_image\" \/>\n<meta name=\"twitter:label1\" content=\"Written by\" \/>\n\t<meta name=\"twitter:data1\" content=\"Pane Bistecca\" \/>\n\t<meta name=\"twitter:label2\" content=\"Est. reading time\" \/>\n\t<meta name=\"twitter:data2\" content=\"4 minutes\" \/>\n<script type=\"application\/ld+json\" class=\"yoast-schema-graph\">{\"@context\":\"https:\/\/schema.org\",\"@graph\":[{\"@type\":\"Article\",\"@id\":\"https:\/\/pane-bistecca.com\/2025\/01\/14\/fruehstuecks-omelett-mit-schinken\/#article\",\"isPartOf\":{\"@id\":\"https:\/\/pane-bistecca.com\/2025\/01\/14\/fruehstuecks-omelett-mit-schinken\/\"},\"author\":{\"name\":\"Pane Bistecca\",\"@id\":\"https:\/\/pane-bistecca.com\/#\/schema\/person\/8f6864a6ceb0977c4008ee1208c02ee8\"},\"headline\":\"Fr\u00fchst\u00fccks-Omelett mit Schinken\",\"datePublished\":\"2025-01-14T02:27:53+00:00\",\"dateModified\":\"2025-01-24T02:28:38+00:00\",\"mainEntityOfPage\":{\"@id\":\"https:\/\/pane-bistecca.com\/2025\/01\/14\/fruehstuecks-omelett-mit-schinken\/\"},\"wordCount\":445,\"commentCount\":0,\"publisher\":{\"@id\":\"https:\/\/pane-bistecca.com\/#\/schema\/person\/8f6864a6ceb0977c4008ee1208c02ee8\"},\"image\":{\"@id\":\"https:\/\/pane-bistecca.com\/2025\/01\/14\/fruehstuecks-omelett-mit-schinken\/#primaryimage\"},\"thumbnailUrl\":\"https:\/\/pane-bistecca.com\/wp-content\/uploads\/2025\/01\/oml9-1.jpg\",\"keywords\":[\"Eggs\",\"Meat\",\"Breakfast\",\"Vegetable\",\"Main dish\",\"Omelette\",\"Ham\",\"Switzerland\",\"Tomato\",\"Onion\"],\"articleSection\":[\"From around the world\",\"Chili\",\"Eggs\",\"Europe\",\"Meat\",\"Breakfast\",\"Vegetables\",\"Gluten-free\",\"Cheese\",\"Meals\",\"Omelette\",\"Ham\",\"Pork\",\"Switzerland\",\"Specials\",\"Tomato\",\"Onion\"],\"inLanguage\":\"en-US\",\"potentialAction\":[{\"@type\":\"CommentAction\",\"name\":\"Comment\",\"target\":[\"https:\/\/pane-bistecca.com\/2025\/01\/14\/fruehstuecks-omelett-mit-schinken\/#respond\"]}]},{\"@type\":\"WebPage\",\"@id\":\"https:\/\/pane-bistecca.com\/2025\/01\/14\/fruehstuecks-omelett-mit-schinken\/\",\"url\":\"https:\/\/pane-bistecca.com\/2025\/01\/14\/fruehstuecks-omelett-mit-schinken\/\",\"name\":\"Fr\u00fchst\u00fccks-Omelett mit Schinken\",\"isPartOf\":{\"@id\":\"https:\/\/pane-bistecca.com\/#website\"},\"primaryImageOfPage\":{\"@id\":\"https:\/\/pane-bistecca.com\/2025\/01\/14\/fruehstuecks-omelett-mit-schinken\/#primaryimage\"},\"image\":{\"@id\":\"https:\/\/pane-bistecca.com\/2025\/01\/14\/fruehstuecks-omelett-mit-schinken\/#primaryimage\"},\"thumbnailUrl\":\"https:\/\/pane-bistecca.com\/wp-content\/uploads\/2025\/01\/oml9-1.jpg\",\"datePublished\":\"2025-01-14T02:27:53+00:00\",\"dateModified\":\"2025-01-24T02:28:38+00:00\",\"description\":\"Fr\u00fchst\u00fccks-Omelett mit Schinken, einfach und schnell gekocht. Man kann dazu s\u00e4mtliche Reste von Gem\u00fcsen verbrauchen.\",\"breadcrumb\":{\"@id\":\"https:\/\/pane-bistecca.com\/2025\/01\/14\/fruehstuecks-omelett-mit-schinken\/#breadcrumb\"},\"inLanguage\":\"en-US\",\"potentialAction\":[{\"@type\":\"ReadAction\",\"target\":[\"https:\/\/pane-bistecca.com\/2025\/01\/14\/fruehstuecks-omelett-mit-schinken\/\"]}]},{\"@type\":\"ImageObject\",\"inLanguage\":\"en-US\",\"@id\":\"https:\/\/pane-bistecca.com\/2025\/01\/14\/fruehstuecks-omelett-mit-schinken\/#primaryimage\",\"url\":\"https:\/\/pane-bistecca.com\/wp-content\/uploads\/2025\/01\/oml9-1.jpg\",\"contentUrl\":\"https:\/\/pane-bistecca.com\/wp-content\/uploads\/2025\/01\/oml9-1.jpg\",\"width\":1024,\"height\":709},{\"@type\":\"BreadcrumbList\",\"@id\":\"https:\/\/pane-bistecca.com\/2025\/01\/14\/fruehstuecks-omelett-mit-schinken\/#breadcrumb\",\"itemListElement\":[{\"@type\":\"ListItem\",\"position\":1,\"name\":\"Home\",\"item\":\"https:\/\/pane-bistecca.com\/\"},{\"@type\":\"ListItem\",\"position\":2,\"name\":\"Fr\u00fchst\u00fccks-Omelett mit Schinken\"}]},{\"@type\":\"WebSite\",\"@id\":\"https:\/\/pane-bistecca.com\/#website\",\"url\":\"https:\/\/pane-bistecca.com\/\",\"name\":\"Pane Bistecca\",\"description\":\"World Class Cooking\",\"publisher\":{\"@id\":\"https:\/\/pane-bistecca.com\/#\/schema\/person\/8f6864a6ceb0977c4008ee1208c02ee8\"},\"alternateName\":\"P-B\",\"potentialAction\":[{\"@type\":\"SearchAction\",\"target\":{\"@type\":\"EntryPoint\",\"urlTemplate\":\"https:\/\/pane-bistecca.com\/?s={search_term_string}\"},\"query-input\":{\"@type\":\"PropertyValueSpecification\",\"valueRequired\":true,\"valueName\":\"search_term_string\"}}],\"inLanguage\":\"en-US\"},{\"@type\":[\"Person\",\"Organization\"],\"@id\":\"https:\/\/pane-bistecca.com\/#\/schema\/person\/8f6864a6ceb0977c4008ee1208c02ee8\",\"name\":\"Pane Bistecca\",\"image\":{\"@type\":\"ImageObject\",\"inLanguage\":\"en-US\",\"@id\":\"https:\/\/pane-bistecca.com\/#\/schema\/person\/image\/\",\"url\":\"https:\/\/pane-bistecca.com\/wp-content\/uploads\/2023\/11\/logo1.jpg\",\"contentUrl\":\"https:\/\/pane-bistecca.com\/wp-content\/uploads\/2023\/11\/logo1.jpg\",\"width\":184,\"height\":204,\"caption\":\"Pane Bistecca\"},\"logo\":{\"@id\":\"https:\/\/pane-bistecca.com\/#\/schema\/person\/image\/\"},\"sameAs\":[\"https:\/\/pane-bistecca.com\"],\"url\":\"https:\/\/pane-bistecca.com\/en\/author\/pane-bistecca\/\"}]}<\/script>\n<!-- \/ Yoast SEO plugin. -->","yoast_head_json":{"title":"Fr\u00fchst\u00fccks-Omelett mit Schinken","description":"Fr\u00fchst\u00fccks-Omelett mit Schinken, einfach und schnell gekocht. Man kann dazu s\u00e4mtliche Reste von Gem\u00fcsen verbrauchen.","robots":{"index":"index","follow":"follow","max-snippet":"max-snippet:-1","max-image-preview":"max-image-preview:large","max-video-preview":"max-video-preview:-1"},"canonical":"https:\/\/pane-bistecca.com\/en\/2025\/01\/14\/fruehstuecks-omelett-mit-schinken\/","og_locale":"en_US","og_type":"article","og_title":"[:de]Fr\u00fchst\u00fccks-Omelett mit Schinken[:]","og_description":"[:de]Fr\u00fchst\u00fccks-Omelett mit Schinken, einfach und schnell gekocht. Man kann dazu s\u00e4mtliche Reste von Gem\u00fcsen verbrauchen.[:]","og_url":"https:\/\/pane-bistecca.com\/en\/2025\/01\/14\/fruehstuecks-omelett-mit-schinken\/","og_site_name":"Pane-Bistecca","article_published_time":"2025-01-14T02:27:53+00:00","article_modified_time":"2025-01-24T02:28:38+00:00","og_image":[{"width":1024,"height":709,"url":"https:\/\/pane-bistecca.com\/wp-content\/uploads\/2025\/01\/oml9-1.jpg","type":"image\/jpeg"}],"author":"Pane Bistecca","twitter_card":"summary_large_image","twitter_misc":{"Written by":"Pane Bistecca","Est. reading time":"4 minutes"},"schema":{"@context":"https:\/\/schema.org","@graph":[{"@type":"Article","@id":"https:\/\/pane-bistecca.com\/2025\/01\/14\/fruehstuecks-omelett-mit-schinken\/#article","isPartOf":{"@id":"https:\/\/pane-bistecca.com\/2025\/01\/14\/fruehstuecks-omelett-mit-schinken\/"},"author":{"name":"Pane Bistecca","@id":"https:\/\/pane-bistecca.com\/#\/schema\/person\/8f6864a6ceb0977c4008ee1208c02ee8"},"headline":"Fr\u00fchst\u00fccks-Omelett mit Schinken","datePublished":"2025-01-14T02:27:53+00:00","dateModified":"2025-01-24T02:28:38+00:00","mainEntityOfPage":{"@id":"https:\/\/pane-bistecca.com\/2025\/01\/14\/fruehstuecks-omelett-mit-schinken\/"},"wordCount":445,"commentCount":0,"publisher":{"@id":"https:\/\/pane-bistecca.com\/#\/schema\/person\/8f6864a6ceb0977c4008ee1208c02ee8"},"image":{"@id":"https:\/\/pane-bistecca.com\/2025\/01\/14\/fruehstuecks-omelett-mit-schinken\/#primaryimage"},"thumbnailUrl":"https:\/\/pane-bistecca.com\/wp-content\/uploads\/2025\/01\/oml9-1.jpg","keywords":["Eggs","Meat","Breakfast","Vegetable","Main dish","Omelette","Ham","Switzerland","Tomato","Onion"],"articleSection":["From around the world","Chili","Eggs","Europe","Meat","Breakfast","Vegetables","Gluten-free","Cheese","Meals","Omelette","Ham","Pork","Switzerland","Specials","Tomato","Onion"],"inLanguage":"en-US","potentialAction":[{"@type":"CommentAction","name":"Comment","target":["https:\/\/pane-bistecca.com\/2025\/01\/14\/fruehstuecks-omelett-mit-schinken\/#respond"]}]},{"@type":"WebPage","@id":"https:\/\/pane-bistecca.com\/2025\/01\/14\/fruehstuecks-omelett-mit-schinken\/","url":"https:\/\/pane-bistecca.com\/2025\/01\/14\/fruehstuecks-omelett-mit-schinken\/","name":"Fr\u00fchst\u00fccks-Omelett mit Schinken","isPartOf":{"@id":"https:\/\/pane-bistecca.com\/#website"},"primaryImageOfPage":{"@id":"https:\/\/pane-bistecca.com\/2025\/01\/14\/fruehstuecks-omelett-mit-schinken\/#primaryimage"},"image":{"@id":"https:\/\/pane-bistecca.com\/2025\/01\/14\/fruehstuecks-omelett-mit-schinken\/#primaryimage"},"thumbnailUrl":"https:\/\/pane-bistecca.com\/wp-content\/uploads\/2025\/01\/oml9-1.jpg","datePublished":"2025-01-14T02:27:53+00:00","dateModified":"2025-01-24T02:28:38+00:00","description":"Fr\u00fchst\u00fccks-Omelett mit Schinken, einfach und schnell gekocht. Man kann dazu s\u00e4mtliche Reste von Gem\u00fcsen verbrauchen.","breadcrumb":{"@id":"https:\/\/pane-bistecca.com\/2025\/01\/14\/fruehstuecks-omelett-mit-schinken\/#breadcrumb"},"inLanguage":"en-US","potentialAction":[{"@type":"ReadAction","target":["https:\/\/pane-bistecca.com\/2025\/01\/14\/fruehstuecks-omelett-mit-schinken\/"]}]},{"@type":"ImageObject","inLanguage":"en-US","@id":"https:\/\/pane-bistecca.com\/2025\/01\/14\/fruehstuecks-omelett-mit-schinken\/#primaryimage","url":"https:\/\/pane-bistecca.com\/wp-content\/uploads\/2025\/01\/oml9-1.jpg","contentUrl":"https:\/\/pane-bistecca.com\/wp-content\/uploads\/2025\/01\/oml9-1.jpg","width":1024,"height":709},{"@type":"BreadcrumbList","@id":"https:\/\/pane-bistecca.com\/2025\/01\/14\/fruehstuecks-omelett-mit-schinken\/#breadcrumb","itemListElement":[{"@type":"ListItem","position":1,"name":"Home","item":"https:\/\/pane-bistecca.com\/"},{"@type":"ListItem","position":2,"name":"Fr\u00fchst\u00fccks-Omelett mit Schinken"}]},{"@type":"WebSite","@id":"https:\/\/pane-bistecca.com\/#website","url":"https:\/\/pane-bistecca.com\/","name":"Pane Bistecca","description":"World Class Cooking","publisher":{"@id":"https:\/\/pane-bistecca.com\/#\/schema\/person\/8f6864a6ceb0977c4008ee1208c02ee8"},"alternateName":"P-B","potentialAction":[{"@type":"SearchAction","target":{"@type":"EntryPoint","urlTemplate":"https:\/\/pane-bistecca.com\/?s={search_term_string}"},"query-input":{"@type":"PropertyValueSpecification","valueRequired":true,"valueName":"search_term_string"}}],"inLanguage":"en-US"},{"@type":["Person","Organization"],"@id":"https:\/\/pane-bistecca.com\/#\/schema\/person\/8f6864a6ceb0977c4008ee1208c02ee8","name":"Pane Bistecca","image":{"@type":"ImageObject","inLanguage":"en-US","@id":"https:\/\/pane-bistecca.com\/#\/schema\/person\/image\/","url":"https:\/\/pane-bistecca.com\/wp-content\/uploads\/2023\/11\/logo1.jpg","contentUrl":"https:\/\/pane-bistecca.com\/wp-content\/uploads\/2023\/11\/logo1.jpg","width":184,"height":204,"caption":"Pane Bistecca"},"logo":{"@id":"https:\/\/pane-bistecca.com\/#\/schema\/person\/image\/"},"sameAs":["https:\/\/pane-bistecca.com"],"url":"https:\/\/pane-bistecca.com\/en\/author\/pane-bistecca\/"}]}},"_links":{"self":[{"href":"https:\/\/pane-bistecca.com\/en\/wp-json\/wp\/v2\/posts\/164031","targetHints":{"allow":["GET"]}}],"collection":[{"href":"https:\/\/pane-bistecca.com\/en\/wp-json\/wp\/v2\/posts"}],"about":[{"href":"https:\/\/pane-bistecca.com\/en\/wp-json\/wp\/v2\/types\/post"}],"author":[{"embeddable":true,"href":"https:\/\/pane-bistecca.com\/en\/wp-json\/wp\/v2\/users\/5"}],"replies":[{"embeddable":true,"href":"https:\/\/pane-bistecca.com\/en\/wp-json\/wp\/v2\/comments?post=164031"}],"version-history":[{"count":2,"href":"https:\/\/pane-bistecca.com\/en\/wp-json\/wp\/v2\/posts\/164031\/revisions"}],"predecessor-version":[{"id":164041,"href":"https:\/\/pane-bistecca.com\/en\/wp-json\/wp\/v2\/posts\/164031\/revisions\/164041"}],"wp:featuredmedia":[{"embeddable":true,"href":"https:\/\/pane-bistecca.com\/en\/wp-json\/wp\/v2\/media\/164039"}],"wp:attachment":[{"href":"https:\/\/pane-bistecca.com\/en\/wp-json\/wp\/v2\/media?parent=164031"}],"wp:term":[{"taxonomy":"category","embeddable":true,"href":"https:\/\/pane-bistecca.com\/en\/wp-json\/wp\/v2\/categories?post=164031"},{"taxonomy":"post_tag","embeddable":true,"href":"https:\/\/pane-bistecca.com\/en\/wp-json\/wp\/v2\/tags?post=164031"}],"curies":[{"name":"wp","href":"https:\/\/api.w.org\/{rel}","templated":true}]}}