{"id":158777,"date":"2024-05-13T10:44:07","date_gmt":"2024-05-13T02:44:07","guid":{"rendered":"https:\/\/pane-bistecca.com\/?p=158777"},"modified":"2024-05-13T10:45:35","modified_gmt":"2024-05-13T02:45:35","slug":"glutenfreie-crepes-mit-zimt-aepfeln","status":"publish","type":"post","link":"https:\/\/pane-bistecca.com\/en\/2024\/05\/13\/glutenfreie-crepes-mit-zimt-aepfeln\/","title":{"rendered":"Gluten-free Cr\u00eapes with Cinnamon-Apples"},"content":{"rendered":"\n<figure class=\"wp-block-image size-full\"><img loading=\"lazy\" decoding=\"async\" width=\"1024\" height=\"768\" src=\"https:\/\/pane-bistecca.com\/wp-content\/uploads\/2024\/05\/cre10.jpg\" alt=\"Glutenfreie Cr\u00eapes mit Zimt- \u00c4pfeln\" class=\"wp-image-158778\" srcset=\"https:\/\/pane-bistecca.com\/wp-content\/uploads\/2024\/05\/cre10.jpg 1024w, https:\/\/pane-bistecca.com\/wp-content\/uploads\/2024\/05\/cre10-300x225.jpg 300w, https:\/\/pane-bistecca.com\/wp-content\/uploads\/2024\/05\/cre10-768x576.jpg 768w, https:\/\/pane-bistecca.com\/wp-content\/uploads\/2024\/05\/cre10-360x270.jpg 360w\" sizes=\"auto, (max-width: 1024px) 100vw, 1024px\" \/><\/figure>\n\n\n\n<div class=\"post-recipe-block with-bg\" id=\"post-recipe-block\" vocab=\"https:\/\/schema.org\/\" typeof=\"Recipe\">\n    \n    <div class=\"post-recipe-header\"><h3 property=\"name\">Gluten-free Cr\u00eapes with Cinnamon-Apples<\/h3><div class=\"rdf-hidden\" property=\"author\">Pane-Bistecca<\/div><\/div>\n        <div class=\"post-recipe-summary clearfix\">\n       I wanted to serve my daughter a dessert other than cake for once. So I made gluten-free cr\u00eapes with cinnamon apples. This dessert is a little lighter than a cake, but still very filling. The cr\u00eapes can also be filled with a hearty filling, as they are not really sweet.   \n        <br><br>\n\t\tMy blog is slowly filling up with gluten-free recipes. <a href=\"https:\/\/pane-bistecca.com\/category\/specials\/glutenfrei\/\">Here<\/a> are more and <a href=\"https:\/\/pane-bistecca.com\/zoeliakie\/\">here are the rules,<\/a> you have to abide, if cooking gluten-free!     <\/div>\n        <div class=\"post-recipe-icons-row\">\n                <div class=\"post-recipe-icon\">\n            <i class=\"fa fa-cutlery\" aria-hidden=\"true\"><\/i>\n            <div class=\"post-recipe-icon-details\">\n                <div class=\"post-recipe-icon-title\">Prep time<\/div>\n                <div class=\"post-recipe-icon-value\">15 min<\/div>\n            <\/div>\n        <\/div>\n                        <div class=\"post-recipe-icon\">\n            <i class=\"fa fa-clock-o\" aria-hidden=\"true\"><\/i>\n            <div class=\"post-recipe-icon-details\">\n                <div class=\"post-recipe-icon-title\">Rest time<\/div>\n                <div class=\"post-recipe-icon-value\">30 min<\/div>\n            <\/div>\n        <\/div>\n<div class=\"post-recipe-icon\">\n            <i class=\"fa fa-clock-o\" aria-hidden=\"true\"><\/i>\n            <div class=\"post-recipe-icon-details\">\n                <div class=\"post-recipe-icon-title\">Cooking time<\/div>\n                <div class=\"post-recipe-icon-value\">15 min<\/div>\n            <\/div>\n        <\/div>\n                        <div class=\"post-recipe-icon\">\n            <i class=\"fa fa-users\" aria-hidden=\"true\"><\/i>\n            <div class=\"post-recipe-icon-details\">\n                <div class=\"post-recipe-icon-title\">Portions<\/div>\n                <div class=\"post-recipe-icon-value\">5<\/div>\n            <\/div>\n        <\/div>\n                        <div class=\"post-recipe-icon\">\n            <i class=\"fa fa-check-square-o\" aria-hidden=\"true\"><\/i>\n            <div class=\"post-recipe-icon-details\">\n                <div class=\"post-recipe-icon-title\">Total time<\/div>\n                <div class=\"post-recipe-icon-value\">1 h<\/div>\n            <\/div>\n        <\/div>\n            <\/div>\n\n        <div class=\"post-recipe-details\">\n            <div class=\"post-recipe-details-column\">\n\n\t            <h4>Ingredients<\/h4>\n<h4>For 5 Cr\u00eapes:<\/h4>\n\t            <ul>\n\t                <li><i class=\"fa fa-check\" aria-hidden=\"true\"><\/i><p property=\"recipeIngredient\">90 g gluten-free rolled Oats<\/p><\/li>\n\t                <li><i class=\"fa fa-check\" aria-hidden=\"true\"><\/i><p property=\"recipeIngredient\">70 g Rice Flour<\/p><\/li>\n\t                <li><i class=\"fa fa-check\" aria-hidden=\"true\"><\/i><p property=\"recipeIngredient\">35 g Cornstarch<\/p><\/li>\n\t                <li><i class=\"fa fa-check\" aria-hidden=\"true\"><\/i><p property=\"recipeIngredient\">1 tbsp ground Flaxseed<\/p><\/li>\n\t                <li><i class=\"fa fa-check\" aria-hidden=\"true\"><\/i><p property=\"recipeIngredient\">1 tbsp Sugar<\/p><\/li>\n                        <li><i class=\"fa fa-check\" aria-hidden=\"true\"><\/i><p property=\"recipeIngredient\">1 tsp Baking Powder<\/p><\/li>\n\t                <li><i class=\"fa fa-check\" aria-hidden=\"true\"><\/i><p property=\"recipeIngredient\">350 ml Milk<\/p><\/li>\n\t                <li><i class=\"fa fa-check\" aria-hidden=\"true\"><\/i><p property=\"recipeIngredient\">1 tbsp Lemon Juice<\/p><\/li>\n\t                <li><i class=\"fa fa-check\" aria-hidden=\"true\"><\/i><p property=\"recipeIngredient\">1 tsp Vanilla Extract<\/p><\/li>\n<h4>Filling:<\/h4>\n\t                <li><i class=\"fa fa-check\" aria-hidden=\"true\"><\/i><p property=\"recipeIngredient\">3 Apples<\/p><\/li>\n\t                <li><i class=\"fa fa-check\" aria-hidden=\"true\"><\/i><p property=\"recipeIngredient\">2 tbsp Sugar<\/p><\/li>\n\t                <li><i class=\"fa fa-check\" aria-hidden=\"true\"><\/i><p property=\"recipeIngredient\">2 tbsp Milk<\/p><\/li>\n                        <li><i class=\"fa fa-check\" aria-hidden=\"true\"><\/i><p property=\"recipeIngredient\">1 tbsp Lemon Juice<\/p><\/li>\n\t                <li><i class=\"fa fa-check\" aria-hidden=\"true\"><\/i><p property=\"recipeIngredient\">1 tsp Cinnamon<\/p><\/li>\n\t                <li><i class=\"fa fa-check\" aria-hidden=\"true\"><\/i><p property=\"recipeIngredient\">\u00bd tsp Cornstarch<\/p><\/li>\n\t                \n\t            <\/ul>\n\n\t        <\/div>\n        <\/div>\n    \n        <div class=\"post-recipe-instructions-group\">\n        <h4>Instructions<\/h4>\n                        <div class=\"post-recipe-instruction\">\n            <div class=\"post-recipe-step\">1<\/div>\n            <div class=\"post-recipe-instruction-content\">\n                                <div class=\"post-recipe-instruction-title\"><h4 property=\"recipeInstructions\">Step 1<\/h4><\/div>\n                                                <div class=\"post-recipe-instruction-text\" property=\"recipeInstructions\">Mix the dry ingredients of the cr\u00eapes together, then mix in the wet ingredients. Leave this mixture to rest for 30 minutes so that the oats and flaxseed can swell.  \n <\/div>\n                            <\/div>\n        <\/div>\n                        <div class=\"post-recipe-instruction\">\n            <div class=\"post-recipe-step\">2<\/div>\n            <div class=\"post-recipe-instruction-content\">\n                                <div class=\"post-recipe-instruction-title\"><h4 property=\"recipeInstructions\">Step 2<\/h4><\/div>\n                                                <div class=\"post-recipe-instruction-text\" property=\"recipeInstructions\">Then heat a little oil in a wide pan and pour in a little of the mixture. Swirl the pan slightly so that the mixture covers the entire base. Do not pour in too much of the mixture, otherwise you will end up with hard pancakes instead of cr\u00eapes! Fry for approx. 3-4 minutes, then turn and fry the other side too.    \n<\/div>\n                            <\/div>\n        <\/div>\n                        <div class=\"post-recipe-instruction\">\n            <div class=\"post-recipe-step\">3<\/div>\n            <div class=\"post-recipe-instruction-content\">\n                                <div class=\"post-recipe-instruction-title\"><h4 property=\"recipeInstructions\">Step 3<\/h4><\/div>\n                                                <div class=\"post-recipe-instruction-text\" property=\"recipeInstructions\">Meanwhile, peel the apples for the filling and cut into small pieces. \n<\/div>\n                            <\/div>\n        <\/div>\n                        <div class=\"post-recipe-instruction\">\n            <div class=\"post-recipe-step\">4<\/div>\n            <div class=\"post-recipe-instruction-content\">\n                                <div class=\"post-recipe-instruction-title\"><h4 property=\"recipeInstructions\">Step 4<\/h4><\/div>\n                                                <div class=\"post-recipe-instruction-text\" property=\"recipeInstructions\">with all the other filling ingredients in a pan and heat slowly. Simmer for 5-7 minutes, then remove from the heat. \n<\/div>\n                            <\/div>\n        <\/div>\n<div class=\"post-recipe-instruction\">\n            <div class=\"post-recipe-step\">5<\/div>\n            <div class=\"post-recipe-instruction-content\">\n                                <div class=\"post-recipe-instruction-title\"><h4 property=\"recipeInstructions\">Step 5<\/h4><\/div>\n                                                <div class=\"post-recipe-instruction-text\" property=\"recipeInstructions\">Place the cr\u00eapes on plates and fill with the apple filling, serve with whipped cream if desired.\n<\/div>\n                            <\/div>\n        <\/div>\n            <\/div>\n    \n        <div class=\"post-recipe-notes\">\n        <h4>Notes<\/h4>\n        They are also delicious with ice-cream!    <\/div>\n    <\/div>\n\n\n\n<figure class=\"wp-block-image size-full\"><img loading=\"lazy\" decoding=\"async\" width=\"1024\" height=\"683\" src=\"https:\/\/pane-bistecca.com\/wp-content\/uploads\/2024\/05\/cre5.jpg\" alt=\"\" class=\"wp-image-158780\" srcset=\"https:\/\/pane-bistecca.com\/wp-content\/uploads\/2024\/05\/cre5.jpg 1024w, https:\/\/pane-bistecca.com\/wp-content\/uploads\/2024\/05\/cre5-300x200.jpg 300w, https:\/\/pane-bistecca.com\/wp-content\/uploads\/2024\/05\/cre5-768x512.jpg 768w, https:\/\/pane-bistecca.com\/wp-content\/uploads\/2024\/05\/cre5-360x240.jpg 360w\" sizes=\"auto, (max-width: 1024px) 100vw, 1024px\" \/><\/figure>\n\n\n\n<figure class=\"wp-block-image size-full\"><img loading=\"lazy\" decoding=\"async\" width=\"1024\" height=\"683\" src=\"https:\/\/pane-bistecca.com\/wp-content\/uploads\/2024\/05\/cre4.jpg\" alt=\"\" class=\"wp-image-158781\" srcset=\"https:\/\/pane-bistecca.com\/wp-content\/uploads\/2024\/05\/cre4.jpg 1024w, https:\/\/pane-bistecca.com\/wp-content\/uploads\/2024\/05\/cre4-300x200.jpg 300w, https:\/\/pane-bistecca.com\/wp-content\/uploads\/2024\/05\/cre4-768x512.jpg 768w, https:\/\/pane-bistecca.com\/wp-content\/uploads\/2024\/05\/cre4-360x240.jpg 360w\" sizes=\"auto, (max-width: 1024px) 100vw, 1024px\" \/><\/figure>\n\n\n\n<figure class=\"wp-block-image size-full\"><img loading=\"lazy\" decoding=\"async\" width=\"1024\" height=\"753\" src=\"https:\/\/pane-bistecca.com\/wp-content\/uploads\/2024\/05\/cre3.jpg\" alt=\"Glutenfreie Cr\u00eapes mit Zimt-\u00c4pfeln\" class=\"wp-image-158782\" srcset=\"https:\/\/pane-bistecca.com\/wp-content\/uploads\/2024\/05\/cre3.jpg 1024w, https:\/\/pane-bistecca.com\/wp-content\/uploads\/2024\/05\/cre3-300x221.jpg 300w, https:\/\/pane-bistecca.com\/wp-content\/uploads\/2024\/05\/cre3-768x565.jpg 768w, https:\/\/pane-bistecca.com\/wp-content\/uploads\/2024\/05\/cre3-360x265.jpg 360w\" sizes=\"auto, (max-width: 1024px) 100vw, 1024px\" \/><\/figure>\n\n\n\n<figure class=\"wp-block-image size-full\"><img loading=\"lazy\" decoding=\"async\" width=\"1024\" height=\"699\" src=\"https:\/\/pane-bistecca.com\/wp-content\/uploads\/2024\/05\/cre7.jpg\" alt=\"Glutenfreie Cr\u00eapes mit Zimt-\u00c4pfeln\" class=\"wp-image-158783\" srcset=\"https:\/\/pane-bistecca.com\/wp-content\/uploads\/2024\/05\/cre7.jpg 1024w, https:\/\/pane-bistecca.com\/wp-content\/uploads\/2024\/05\/cre7-300x205.jpg 300w, https:\/\/pane-bistecca.com\/wp-content\/uploads\/2024\/05\/cre7-768x524.jpg 768w, https:\/\/pane-bistecca.com\/wp-content\/uploads\/2024\/05\/cre7-360x246.jpg 360w\" sizes=\"auto, (max-width: 1024px) 100vw, 1024px\" \/><\/figure>\n\n\n\n<figure class=\"wp-block-image size-full\"><img loading=\"lazy\" decoding=\"async\" width=\"1024\" height=\"768\" src=\"https:\/\/pane-bistecca.com\/wp-content\/uploads\/2024\/05\/cre9.jpg\" alt=\"Glutenfreie Cr\u00eapes mit Zimt-\u00c4pfeln\" class=\"wp-image-158784\" srcset=\"https:\/\/pane-bistecca.com\/wp-content\/uploads\/2024\/05\/cre9.jpg 1024w, https:\/\/pane-bistecca.com\/wp-content\/uploads\/2024\/05\/cre9-300x225.jpg 300w, https:\/\/pane-bistecca.com\/wp-content\/uploads\/2024\/05\/cre9-768x576.jpg 768w, https:\/\/pane-bistecca.com\/wp-content\/uploads\/2024\/05\/cre9-360x270.jpg 360w\" sizes=\"auto, (max-width: 1024px) 100vw, 1024px\" \/><\/figure>\n","protected":false},"excerpt":{"rendered":"<p>Gluten-free Cr\u00eapes with Cinnamon-Apples Pane-Bistecca I wanted to serve my daughter a dessert other than cake for once. So I made gluten-free&#8230;<\/p>\n","protected":false},"author":5,"featured_media":158778,"comment_status":"open","ping_status":"open","sticky":false,"template":"","format":"gallery","meta":{"footnotes":""},"categories":[72,32,73,361,489,194,163,1279,34,611,23],"tags":[78,38,490,79,363,195,40],"class_list":{"0":"post-158777","1":"post","2":"type-post","3":"status-publish","4":"format-gallery","5":"has-post-thumbnail","7":"category-apple","8":"category-desserts","9":"category-fruits","10":"category-glutenfrei","11":"category-flaxseed","12":"category-omelette","13":"category-rice","14":"category-specials","15":"category-sweets","16":"category-vanilla","17":"category-vegetarisch","18":"tag-apfel","19":"tag-dessert","20":"tag-flaxseed","21":"tag-fruit","22":"tag-glutenfrei","23":"tag-omelette","24":"tag-sweets","25":"post_format-post-format-gallery"},"yoast_head":"<!-- This site is optimized with the Yoast SEO plugin v24.7 - https:\/\/yoast.com\/wordpress\/plugins\/seo\/ -->\n<title>Glutenfreie Cr\u00eapes mit Zimt-\u00c4pfeln<\/title>\n<meta name=\"description\" content=\"Glutenfreie Cr\u00eapes mit Zimt-\u00c4pfeln , ein feines Dessert, das jeder mag, der Fruechte liebt! Man kann auch Beeren einf\u00fcllen!\" \/>\n<meta name=\"robots\" content=\"index, follow, max-snippet:-1, max-image-preview:large, max-video-preview:-1\" \/>\n<link rel=\"canonical\" href=\"https:\/\/pane-bistecca.com\/en\/2024\/05\/13\/glutenfreie-crepes-mit-zimt-aepfeln\/\" \/>\n<meta property=\"og:locale\" content=\"en_US\" \/>\n<meta property=\"og:locale:alternate\" content=\"de_DE\" \/>\n<meta property=\"og:type\" content=\"article\" \/>\n<meta property=\"og:title\" content=\"Glutenfreie Cr\u00eapes mit Zimt-\u00c4pfeln\" \/>\n<meta property=\"og:description\" content=\"Glutenfreie Cr\u00eapes mit Zimt-\u00c4pfeln , ein feines Dessert, das jeder mag, der Fruechte liebt! Man kann auch Beeren einf\u00fcllen!\" \/>\n<meta property=\"og:url\" content=\"https:\/\/pane-bistecca.com\/en\/2024\/05\/13\/glutenfreie-crepes-mit-zimt-aepfeln\/\" \/>\n<meta property=\"og:site_name\" content=\"Pane-Bistecca\" \/>\n<meta property=\"article:published_time\" content=\"2024-05-13T02:44:07+00:00\" \/>\n<meta property=\"article:modified_time\" content=\"2024-05-13T02:45:35+00:00\" \/>\n<meta property=\"og:image\" content=\"https:\/\/pane-bistecca.com\/wp-content\/uploads\/2024\/05\/cre10.jpg\" \/>\n\t<meta property=\"og:image:width\" content=\"1024\" \/>\n\t<meta property=\"og:image:height\" content=\"768\" \/>\n\t<meta property=\"og:image:type\" content=\"image\/jpeg\" \/>\n<meta name=\"author\" content=\"Pane Bistecca\" \/>\n<meta name=\"twitter:card\" content=\"summary_large_image\" \/>\n<meta name=\"twitter:label1\" content=\"Written by\" \/>\n\t<meta name=\"twitter:data1\" content=\"Pane Bistecca\" \/>\n\t<meta name=\"twitter:label2\" content=\"Est. reading time\" \/>\n\t<meta name=\"twitter:data2\" content=\"4 minutes\" \/>\n<script type=\"application\/ld+json\" class=\"yoast-schema-graph\">{\"@context\":\"https:\/\/schema.org\",\"@graph\":[{\"@type\":\"Article\",\"@id\":\"https:\/\/pane-bistecca.com\/2024\/05\/13\/glutenfreie-crepes-mit-zimt-aepfeln\/#article\",\"isPartOf\":{\"@id\":\"https:\/\/pane-bistecca.com\/2024\/05\/13\/glutenfreie-crepes-mit-zimt-aepfeln\/\"},\"author\":{\"name\":\"Pane Bistecca\",\"@id\":\"https:\/\/pane-bistecca.com\/#\/schema\/person\/8f6864a6ceb0977c4008ee1208c02ee8\"},\"headline\":\"Gluten-free Cr\u00eapes with Cinnamon-Apples\",\"datePublished\":\"2024-05-13T02:44:07+00:00\",\"dateModified\":\"2024-05-13T02:45:35+00:00\",\"mainEntityOfPage\":{\"@id\":\"https:\/\/pane-bistecca.com\/2024\/05\/13\/glutenfreie-crepes-mit-zimt-aepfeln\/\"},\"wordCount\":602,\"commentCount\":0,\"publisher\":{\"@id\":\"https:\/\/pane-bistecca.com\/#\/schema\/person\/8f6864a6ceb0977c4008ee1208c02ee8\"},\"image\":{\"@id\":\"https:\/\/pane-bistecca.com\/2024\/05\/13\/glutenfreie-crepes-mit-zimt-aepfeln\/#primaryimage\"},\"thumbnailUrl\":\"https:\/\/pane-bistecca.com\/wp-content\/uploads\/2024\/05\/cre10.jpg\",\"keywords\":[\"Apple\",\"Dessert\",\"Flaxseed\",\"Fruit\",\"Gluten-free\",\"Omelette\",\"Sweets\"],\"articleSection\":[\"Apple\",\"Desserts\",\"Fruits\",\"Gluten-free\",\"Flaxseed\",\"Omelette\",\"Rice\",\"Specials\",\"Sweets\",\"Vanilla\",\"Vegetarian\"],\"inLanguage\":\"en-US\",\"potentialAction\":[{\"@type\":\"CommentAction\",\"name\":\"Comment\",\"target\":[\"https:\/\/pane-bistecca.com\/2024\/05\/13\/glutenfreie-crepes-mit-zimt-aepfeln\/#respond\"]}]},{\"@type\":\"WebPage\",\"@id\":\"https:\/\/pane-bistecca.com\/2024\/05\/13\/glutenfreie-crepes-mit-zimt-aepfeln\/\",\"url\":\"https:\/\/pane-bistecca.com\/2024\/05\/13\/glutenfreie-crepes-mit-zimt-aepfeln\/\",\"name\":\"Glutenfreie Cr\u00eapes mit Zimt-\u00c4pfeln\",\"isPartOf\":{\"@id\":\"https:\/\/pane-bistecca.com\/#website\"},\"primaryImageOfPage\":{\"@id\":\"https:\/\/pane-bistecca.com\/2024\/05\/13\/glutenfreie-crepes-mit-zimt-aepfeln\/#primaryimage\"},\"image\":{\"@id\":\"https:\/\/pane-bistecca.com\/2024\/05\/13\/glutenfreie-crepes-mit-zimt-aepfeln\/#primaryimage\"},\"thumbnailUrl\":\"https:\/\/pane-bistecca.com\/wp-content\/uploads\/2024\/05\/cre10.jpg\",\"datePublished\":\"2024-05-13T02:44:07+00:00\",\"dateModified\":\"2024-05-13T02:45:35+00:00\",\"description\":\"Glutenfreie Cr\u00eapes mit Zimt-\u00c4pfeln , ein feines Dessert, das jeder mag, der Fruechte liebt! Man kann auch Beeren einf\u00fcllen!\",\"breadcrumb\":{\"@id\":\"https:\/\/pane-bistecca.com\/2024\/05\/13\/glutenfreie-crepes-mit-zimt-aepfeln\/#breadcrumb\"},\"inLanguage\":\"en-US\",\"potentialAction\":[{\"@type\":\"ReadAction\",\"target\":[\"https:\/\/pane-bistecca.com\/2024\/05\/13\/glutenfreie-crepes-mit-zimt-aepfeln\/\"]}]},{\"@type\":\"ImageObject\",\"inLanguage\":\"en-US\",\"@id\":\"https:\/\/pane-bistecca.com\/2024\/05\/13\/glutenfreie-crepes-mit-zimt-aepfeln\/#primaryimage\",\"url\":\"https:\/\/pane-bistecca.com\/wp-content\/uploads\/2024\/05\/cre10.jpg\",\"contentUrl\":\"https:\/\/pane-bistecca.com\/wp-content\/uploads\/2024\/05\/cre10.jpg\",\"width\":1024,\"height\":768},{\"@type\":\"BreadcrumbList\",\"@id\":\"https:\/\/pane-bistecca.com\/2024\/05\/13\/glutenfreie-crepes-mit-zimt-aepfeln\/#breadcrumb\",\"itemListElement\":[{\"@type\":\"ListItem\",\"position\":1,\"name\":\"Home\",\"item\":\"https:\/\/pane-bistecca.com\/\"},{\"@type\":\"ListItem\",\"position\":2,\"name\":\"Glutenfreie Cr\u00eapes mit Zimt-\u00c4pfeln\"}]},{\"@type\":\"WebSite\",\"@id\":\"https:\/\/pane-bistecca.com\/#website\",\"url\":\"https:\/\/pane-bistecca.com\/\",\"name\":\"Pane Bistecca\",\"description\":\"World Class Cooking\",\"publisher\":{\"@id\":\"https:\/\/pane-bistecca.com\/#\/schema\/person\/8f6864a6ceb0977c4008ee1208c02ee8\"},\"alternateName\":\"P-B\",\"potentialAction\":[{\"@type\":\"SearchAction\",\"target\":{\"@type\":\"EntryPoint\",\"urlTemplate\":\"https:\/\/pane-bistecca.com\/?s={search_term_string}\"},\"query-input\":{\"@type\":\"PropertyValueSpecification\",\"valueRequired\":true,\"valueName\":\"search_term_string\"}}],\"inLanguage\":\"en-US\"},{\"@type\":[\"Person\",\"Organization\"],\"@id\":\"https:\/\/pane-bistecca.com\/#\/schema\/person\/8f6864a6ceb0977c4008ee1208c02ee8\",\"name\":\"Pane Bistecca\",\"image\":{\"@type\":\"ImageObject\",\"inLanguage\":\"en-US\",\"@id\":\"https:\/\/pane-bistecca.com\/#\/schema\/person\/image\/\",\"url\":\"https:\/\/pane-bistecca.com\/wp-content\/uploads\/2023\/11\/logo1.jpg\",\"contentUrl\":\"https:\/\/pane-bistecca.com\/wp-content\/uploads\/2023\/11\/logo1.jpg\",\"width\":184,\"height\":204,\"caption\":\"Pane Bistecca\"},\"logo\":{\"@id\":\"https:\/\/pane-bistecca.com\/#\/schema\/person\/image\/\"},\"sameAs\":[\"https:\/\/pane-bistecca.com\"],\"url\":\"https:\/\/pane-bistecca.com\/en\/author\/pane-bistecca\/\"}]}<\/script>\n<!-- \/ Yoast SEO plugin. -->","yoast_head_json":{"title":"Glutenfreie Cr\u00eapes mit Zimt-\u00c4pfeln","description":"Glutenfreie Cr\u00eapes mit Zimt-\u00c4pfeln , ein feines Dessert, das jeder mag, der Fruechte liebt! Man kann auch Beeren einf\u00fcllen!","robots":{"index":"index","follow":"follow","max-snippet":"max-snippet:-1","max-image-preview":"max-image-preview:large","max-video-preview":"max-video-preview:-1"},"canonical":"https:\/\/pane-bistecca.com\/en\/2024\/05\/13\/glutenfreie-crepes-mit-zimt-aepfeln\/","og_locale":"en_US","og_type":"article","og_title":"Glutenfreie Cr\u00eapes mit Zimt-\u00c4pfeln","og_description":"Glutenfreie Cr\u00eapes mit Zimt-\u00c4pfeln , ein feines Dessert, das jeder mag, der Fruechte liebt! Man kann auch Beeren einf\u00fcllen!","og_url":"https:\/\/pane-bistecca.com\/en\/2024\/05\/13\/glutenfreie-crepes-mit-zimt-aepfeln\/","og_site_name":"Pane-Bistecca","article_published_time":"2024-05-13T02:44:07+00:00","article_modified_time":"2024-05-13T02:45:35+00:00","og_image":[{"width":1024,"height":768,"url":"https:\/\/pane-bistecca.com\/wp-content\/uploads\/2024\/05\/cre10.jpg","type":"image\/jpeg"}],"author":"Pane Bistecca","twitter_card":"summary_large_image","twitter_misc":{"Written by":"Pane Bistecca","Est. reading time":"4 minutes"},"schema":{"@context":"https:\/\/schema.org","@graph":[{"@type":"Article","@id":"https:\/\/pane-bistecca.com\/2024\/05\/13\/glutenfreie-crepes-mit-zimt-aepfeln\/#article","isPartOf":{"@id":"https:\/\/pane-bistecca.com\/2024\/05\/13\/glutenfreie-crepes-mit-zimt-aepfeln\/"},"author":{"name":"Pane Bistecca","@id":"https:\/\/pane-bistecca.com\/#\/schema\/person\/8f6864a6ceb0977c4008ee1208c02ee8"},"headline":"Gluten-free Cr\u00eapes with Cinnamon-Apples","datePublished":"2024-05-13T02:44:07+00:00","dateModified":"2024-05-13T02:45:35+00:00","mainEntityOfPage":{"@id":"https:\/\/pane-bistecca.com\/2024\/05\/13\/glutenfreie-crepes-mit-zimt-aepfeln\/"},"wordCount":602,"commentCount":0,"publisher":{"@id":"https:\/\/pane-bistecca.com\/#\/schema\/person\/8f6864a6ceb0977c4008ee1208c02ee8"},"image":{"@id":"https:\/\/pane-bistecca.com\/2024\/05\/13\/glutenfreie-crepes-mit-zimt-aepfeln\/#primaryimage"},"thumbnailUrl":"https:\/\/pane-bistecca.com\/wp-content\/uploads\/2024\/05\/cre10.jpg","keywords":["Apple","Dessert","Flaxseed","Fruit","Gluten-free","Omelette","Sweets"],"articleSection":["Apple","Desserts","Fruits","Gluten-free","Flaxseed","Omelette","Rice","Specials","Sweets","Vanilla","Vegetarian"],"inLanguage":"en-US","potentialAction":[{"@type":"CommentAction","name":"Comment","target":["https:\/\/pane-bistecca.com\/2024\/05\/13\/glutenfreie-crepes-mit-zimt-aepfeln\/#respond"]}]},{"@type":"WebPage","@id":"https:\/\/pane-bistecca.com\/2024\/05\/13\/glutenfreie-crepes-mit-zimt-aepfeln\/","url":"https:\/\/pane-bistecca.com\/2024\/05\/13\/glutenfreie-crepes-mit-zimt-aepfeln\/","name":"Glutenfreie Cr\u00eapes mit Zimt-\u00c4pfeln","isPartOf":{"@id":"https:\/\/pane-bistecca.com\/#website"},"primaryImageOfPage":{"@id":"https:\/\/pane-bistecca.com\/2024\/05\/13\/glutenfreie-crepes-mit-zimt-aepfeln\/#primaryimage"},"image":{"@id":"https:\/\/pane-bistecca.com\/2024\/05\/13\/glutenfreie-crepes-mit-zimt-aepfeln\/#primaryimage"},"thumbnailUrl":"https:\/\/pane-bistecca.com\/wp-content\/uploads\/2024\/05\/cre10.jpg","datePublished":"2024-05-13T02:44:07+00:00","dateModified":"2024-05-13T02:45:35+00:00","description":"Glutenfreie Cr\u00eapes mit Zimt-\u00c4pfeln , ein feines Dessert, das jeder mag, der Fruechte liebt! Man kann auch Beeren einf\u00fcllen!","breadcrumb":{"@id":"https:\/\/pane-bistecca.com\/2024\/05\/13\/glutenfreie-crepes-mit-zimt-aepfeln\/#breadcrumb"},"inLanguage":"en-US","potentialAction":[{"@type":"ReadAction","target":["https:\/\/pane-bistecca.com\/2024\/05\/13\/glutenfreie-crepes-mit-zimt-aepfeln\/"]}]},{"@type":"ImageObject","inLanguage":"en-US","@id":"https:\/\/pane-bistecca.com\/2024\/05\/13\/glutenfreie-crepes-mit-zimt-aepfeln\/#primaryimage","url":"https:\/\/pane-bistecca.com\/wp-content\/uploads\/2024\/05\/cre10.jpg","contentUrl":"https:\/\/pane-bistecca.com\/wp-content\/uploads\/2024\/05\/cre10.jpg","width":1024,"height":768},{"@type":"BreadcrumbList","@id":"https:\/\/pane-bistecca.com\/2024\/05\/13\/glutenfreie-crepes-mit-zimt-aepfeln\/#breadcrumb","itemListElement":[{"@type":"ListItem","position":1,"name":"Home","item":"https:\/\/pane-bistecca.com\/"},{"@type":"ListItem","position":2,"name":"Glutenfreie Cr\u00eapes mit Zimt-\u00c4pfeln"}]},{"@type":"WebSite","@id":"https:\/\/pane-bistecca.com\/#website","url":"https:\/\/pane-bistecca.com\/","name":"Pane Bistecca","description":"World Class Cooking","publisher":{"@id":"https:\/\/pane-bistecca.com\/#\/schema\/person\/8f6864a6ceb0977c4008ee1208c02ee8"},"alternateName":"P-B","potentialAction":[{"@type":"SearchAction","target":{"@type":"EntryPoint","urlTemplate":"https:\/\/pane-bistecca.com\/?s={search_term_string}"},"query-input":{"@type":"PropertyValueSpecification","valueRequired":true,"valueName":"search_term_string"}}],"inLanguage":"en-US"},{"@type":["Person","Organization"],"@id":"https:\/\/pane-bistecca.com\/#\/schema\/person\/8f6864a6ceb0977c4008ee1208c02ee8","name":"Pane Bistecca","image":{"@type":"ImageObject","inLanguage":"en-US","@id":"https:\/\/pane-bistecca.com\/#\/schema\/person\/image\/","url":"https:\/\/pane-bistecca.com\/wp-content\/uploads\/2023\/11\/logo1.jpg","contentUrl":"https:\/\/pane-bistecca.com\/wp-content\/uploads\/2023\/11\/logo1.jpg","width":184,"height":204,"caption":"Pane Bistecca"},"logo":{"@id":"https:\/\/pane-bistecca.com\/#\/schema\/person\/image\/"},"sameAs":["https:\/\/pane-bistecca.com"],"url":"https:\/\/pane-bistecca.com\/en\/author\/pane-bistecca\/"}]}},"_links":{"self":[{"href":"https:\/\/pane-bistecca.com\/en\/wp-json\/wp\/v2\/posts\/158777","targetHints":{"allow":["GET"]}}],"collection":[{"href":"https:\/\/pane-bistecca.com\/en\/wp-json\/wp\/v2\/posts"}],"about":[{"href":"https:\/\/pane-bistecca.com\/en\/wp-json\/wp\/v2\/types\/post"}],"author":[{"embeddable":true,"href":"https:\/\/pane-bistecca.com\/en\/wp-json\/wp\/v2\/users\/5"}],"replies":[{"embeddable":true,"href":"https:\/\/pane-bistecca.com\/en\/wp-json\/wp\/v2\/comments?post=158777"}],"version-history":[{"count":3,"href":"https:\/\/pane-bistecca.com\/en\/wp-json\/wp\/v2\/posts\/158777\/revisions"}],"predecessor-version":[{"id":158787,"href":"https:\/\/pane-bistecca.com\/en\/wp-json\/wp\/v2\/posts\/158777\/revisions\/158787"}],"wp:featuredmedia":[{"embeddable":true,"href":"https:\/\/pane-bistecca.com\/en\/wp-json\/wp\/v2\/media\/158778"}],"wp:attachment":[{"href":"https:\/\/pane-bistecca.com\/en\/wp-json\/wp\/v2\/media?parent=158777"}],"wp:term":[{"taxonomy":"category","embeddable":true,"href":"https:\/\/pane-bistecca.com\/en\/wp-json\/wp\/v2\/categories?post=158777"},{"taxonomy":"post_tag","embeddable":true,"href":"https:\/\/pane-bistecca.com\/en\/wp-json\/wp\/v2\/tags?post=158777"}],"curies":[{"name":"wp","href":"https:\/\/api.w.org\/{rel}","templated":true}]}}