{"id":15364,"date":"2023-10-16T02:00:00","date_gmt":"2023-10-16T01:00:00","guid":{"rendered":"http:\/\/dev.pane-bistecca.com\/2023\/10\/16\/italienische-fruhstucks-brotchen\/"},"modified":"2024-10-23T09:46:52","modified_gmt":"2024-10-23T01:46:52","slug":"italienische-fruehstuecks-broetchen","status":"publish","type":"post","link":"https:\/\/pane-bistecca.com\/en\/2023\/10\/16\/italienische-fruehstuecks-broetchen\/","title":{"rendered":"Italian Breakfast Bread Rolls for WBD 2023"},"content":{"rendered":"\n<figure class=\"wp-block-image size-large\"><img decoding=\"async\" src=\"https:\/\/pane-bistecca.com\/wp-content\/uploads\/2023\/09\/ita17-683x1024.jpg\" alt=\"Italian Breakfast Bread Rolls\" class=\"wp-image-155178\"\/><\/figure>\n\n\n\n<div class=\"post-recipe-block with-bg\" id=\"post-recipe-block\" vocab=\"https:\/\/schema.org\/\" typeof=\"Recipe\">\n    \n    <div class=\"post-recipe-header\"><h3 property=\"name\">Italian Breakfast Bread Rolls for WBD 2023<\/h3><div class=\"rdf-hidden\" property=\"author\">Pane-Bistecca<\/div><\/div>\n        <div class=\"post-recipe-summary clearfix\">\n     Healthy, crispy breakfast rolls are always welcome. This recipe for Italian Breakfast Bread Rolls is very simple and since the rolls don&#8217;t need to be shaped, suitable for bread baking beginners. Again, they are mixed from several flours, so they are wonderfully delicious and get really crispy. \n<br>\nI think it&#8217;s wonderful when it smells like fresh rolls in the morning. That&#8217;s how you want to start the day. Now that my hubby has a little more time, we can usually have breakfast together and then it&#8217;s also worth baking fresh rolls. Or you can freeze these rolls and just take them out 1 hour before breakfast. If you want, you can also bake them up, because they are even tastier warm!\n        <br><br>\n\n\t\tI am participating in the<a href=\"https:\/\/www.kochtopf.me\/word-bread-day-2023\/\"> Word Bread Day 2023 from Zorra from Kochtopf<\/a>. with this recipe. It&#8217;s fun every time because you get to learn a lot of new recipes. Since it&#8217;s an international event, there are also breads from every corner of the world.\u00a0    \n\n<br><br>\n\n\t\tI have participated several times, on this new blog the recipes are <a href=\"https:\/\/pane-bistecca.com\/2020\/10\/16\/pumpkin-bread-for-the-world-bread-day\/\">Pumpkin Bread from WBD 2020<\/a>, <a href=\"https:\/\/pane-bistecca.com\/2021\/10\/16\/leinsamenbrot-flaxseed-bread-for-the-world-bread-day-2021\"\/>Flaxseed Bread from WBD 2021<\/a> and <a href=\"https:\/\/pane-bistecca.com\/2022\/10\/16\/koerner-baguettes\"\/>Seed Baguettes from WBD 2022<\/a>.\u00a0\u00a0    <\/div>\n        <div class=\"post-recipe-icons-row\">\n                <div class=\"post-recipe-icon\">\n            <i class=\"fa fa-cutlery\" aria-hidden=\"true\"><\/i>\n            <div class=\"post-recipe-icon-details\">\n                <div class=\"post-recipe-icon-title\">Prep time<\/div>\n                <div class=\"post-recipe-icon-value\">2 std<\/div>\n <\/div>\n        <\/div>\n                        <div class=\"post-recipe-icon\">\n            <i class=\"fa fa-clock-o\" aria-hidden=\"true\"><\/i>\n            <div class=\"post-recipe-icon-details\">\n                <div class=\"post-recipe-icon-title\">Rest time<\/div>\n                <div class=\"post-recipe-icon-value\">8 std 10 min<\/div>\n            <\/div>\n        <\/div>\n                        <div class=\"post-recipe-icon\">\n            <i class=\"fa fa-clock-o\" aria-hidden=\"true\"><\/i>\n            <div class=\"post-recipe-icon-details\">\n                <div class=\"post-recipe-icon-title\">Cooking time<\/div>\n                <div class=\"post-recipe-icon-value\">25 min<\/div>\n            <\/div>\n        <\/div>\n                        <div class=\"post-recipe-icon\">\n            <i class=\"fa fa-users\" aria-hidden=\"true\"><\/i>\n            <div class=\"post-recipe-icon-details\">\n                <div class=\"post-recipe-icon-title\">Portions<\/div>\n                <div class=\"post-recipe-icon-value\">12<\/div>\n            <\/div>\n        <\/div>\n                        <div class=\"post-recipe-icon\">\n            <i class=\"fa fa-check-square-o\" aria-hidden=\"true\"><\/i>\n            <div class=\"post-recipe-icon-details\">\n                <div class=\"post-recipe-icon-title\">Total time<\/div>\n                <div class=\"post-recipe-icon-value\">10 std 25 min<\/div>\n            <\/div>\n        <\/div>\n            <\/div>\n\n        <div class=\"post-recipe-details\">\n            <div class=\"post-recipe-details-column\">\n\n\t            <h4>Ingredients<\/h4>\n\n\t            <ul>\n\t                <li><i class=\"fa fa-check\" aria-hidden=\"true\"><\/i><p property=\"recipeIngredient\">500 g strong White Bread Flour<\/p><\/li>\n\t                <li><i class=\"fa fa-check\" aria-hidden=\"true\"><\/i><p property=\"recipeIngredient\">50 g Spelt Flour<\/p><\/li>\n\t                <li><i class=\"fa fa-check\" aria-hidden=\"true\"><\/i><p property=\"recipeIngredient\">50 g Rye Flour<\/p><\/li>\n\t                <li><i class=\"fa fa-check\" aria-hidden=\"true\"><\/i><p property=\"recipeIngredient\">7 g dried Yeast<\/p><\/li>\n\t                <li><i class=\"fa fa-check\" aria-hidden=\"true\"><\/i><p property=\"recipeIngredient\">~ 430 g warm Water<\/p><\/li>\n                        <li><i class=\"fa fa-check\" aria-hidden=\"true\"><\/i><p property=\"recipeIngredient\">1 tbsp Olive Oil<\/p><\/li>\n\n\t                <li><i class=\"fa fa-check\" aria-hidden=\"true\"><\/i><p property=\"recipeIngredient\">13 g Salt<\/p><\/li>\n\t                \n\t                \n\t            <\/ul>\n\n\t        <\/div>\n        <\/div>\n    \n        <div class=\"post-recipe-instructions-group\">\n        <h4>Instructions<\/h4>\n                        <div class=\"post-recipe-instruction\">\n            <div class=\"post-recipe-step\">1<\/div>\n            <div class=\"post-recipe-instruction-content\">\n                                <div class=\"post-recipe-instruction-title\"><h4 property=\"recipeInstructions\">Step 1<\/h4><\/div>\n                                                <div class=\"post-recipe-instruction-text\" property=\"recipeInstructions\">Mix all ingredients, except the salt, together. As soon as the dough comes together, add the salt. Knead by kitchen machine for 10 minutes, by hand at least for 15 minutes.\n<\/div>\n                            <\/div>\n        <\/div>\n                        <div class=\"post-recipe-instruction\">\n            <div class=\"post-recipe-step\">2<\/div>\n            <div class=\"post-recipe-instruction-content\">\n                                <div class=\"post-recipe-instruction-title\"><h4 property=\"recipeInstructions\">Step 2<\/h4><\/div>\n                                                <div class=\"post-recipe-instruction-text\" property=\"recipeInstructions\">Knead by kitchen machine for 10 minutes, by hand at least for 15 minutes. Cover and let rest for 90 minutes. After 45 minutes take the dough out and stretch, then fold into thirds, turn 90 degrees, stretch and fold again. Put back into the bowl. Then let it rest in the fridge overnight, or at least for 8 hours.\u00a0\n<\/div>\n                            <\/div>\n        <\/div>\n                        <div class=\"post-recipe-instruction\">\n            <div class=\"post-recipe-step\">3<\/div>\n            <div class=\"post-recipe-instruction-content\">\n                                <div class=\"post-recipe-instruction-title\"><h4 property=\"recipeInstructions\">Step 3<\/h4><\/div>\n                                                <div class=\"post-recipe-instruction-text\" property=\"recipeInstructions\">Pre-heat the oven to 240 C.\u00a0\n<\/div>\n                            <\/div>\n        <\/div>\n                        <div class=\"post-recipe-instruction\">\n            <div class=\"post-recipe-step\">4<\/div>\n            <div class=\"post-recipe-instruction-content\">\n                                <div class=\"post-recipe-instruction-title\"><h4 property=\"recipeInstructions\">Step 4<\/h4><\/div>\n                                                <div class=\"post-recipe-instruction-text\" property=\"recipeInstructions\">Turn the dough out onto a working surface and flatten lightly. With a dough scraper cut pieces off the dough. The pieces should be approx. the same size, but don&#8217;t have to be the same shape.\n<\/div>\n                            <\/div>\n        <\/div>\n<div class=\"post-recipe-instruction\">\n            <div class=\"post-recipe-step\">5<\/div>\n            <div class=\"post-recipe-instruction-content\">\n                                <div class=\"post-recipe-instruction-title\"><h4 property=\"recipeInstructions\">Step 5<\/h4><\/div>\n                                                <div class=\"post-recipe-instruction-text\" property=\"recipeInstructions\">Let rest under a kitchen towel on a baking tray for 10 minutes.\u00a0 Then sprinkle with a little flour and bake for 10 minutes. Spray the oven walls well with water to create steam. After 10 minutes turn the heat down to 210 C and finish baking the bread rolls for another 10-15 minutes.\u00a0\n<\/div>\n                            <\/div>\n        <\/div>\n            <\/div>\n    \n        <div class=\"post-recipe-notes\">\n        <h4>Notes<\/h4>\n       They get wonderfully crisp!    <\/div>\n    <\/div>\n\n\n<div class=\"wp-block-image\">\n<figure class=\"aligncenter size-large\"><img decoding=\"async\" src=\"https:\/\/www.kochtopf.me\/wp-content\/uploads\/2023\/09\/World-Bread-Day-2023-featured.webp\" alt=\"\"\/><\/figure>\n<\/div>\n\n\n<figure class=\"wp-block-image size-full\"><img decoding=\"async\" src=\"https:\/\/pane-bistecca.com\/wp-content\/uploads\/2023\/09\/ita1.jpg\" alt=\"\" class=\"wp-image-155179\"\/><\/figure>\n\n\n\n<figure class=\"wp-block-image size-full\"><img decoding=\"async\" src=\"https:\/\/pane-bistecca.com\/wp-content\/uploads\/2023\/09\/ita2.jpg\" alt=\"\" class=\"wp-image-155180\"\/><\/figure>\n\n\n\n<figure class=\"wp-block-image size-large\"><img decoding=\"async\" src=\"https:\/\/pane-bistecca.com\/wp-content\/uploads\/2023\/09\/ita3-683x1024.jpg\" alt=\"\" class=\"wp-image-155181\"\/><\/figure>\n\n\n\n<figure class=\"wp-block-image size-large\"><img decoding=\"async\" src=\"https:\/\/pane-bistecca.com\/wp-content\/uploads\/2023\/09\/ita5-683x1024.jpg\" alt=\"Italian Breakfast Bread Rolls\" class=\"wp-image-155182\"\/><\/figure>\n\n\n\n<figure class=\"wp-block-image size-full is-resized\"><img decoding=\"async\" src=\"https:\/\/pane-bistecca.com\/wp-content\/uploads\/2023\/09\/ita7.jpg\" alt=\"Italian Breakfast Bread Rolls\" class=\"wp-image-155183\" style=\"width:840px;height:560px\"\/><\/figure>\n\n\n\n<figure class=\"wp-block-image size-full\"><img decoding=\"async\" src=\"https:\/\/pane-bistecca.com\/wp-content\/uploads\/2023\/09\/ita9.jpg\" alt=\"Italian Breakfast Bread Rolls\" class=\"wp-image-155184\"\/><\/figure>\n\n\n\n<figure class=\"wp-block-image size-full\"><img decoding=\"async\" src=\"https:\/\/pane-bistecca.com\/wp-content\/uploads\/2023\/09\/ita11.jpg\" alt=\"Italian Breakfast Bread Rolls\" class=\"wp-image-155185\"\/><\/figure>\n\n\n\n<figure class=\"wp-block-image size-full\"><img decoding=\"async\" src=\"https:\/\/pane-bistecca.com\/wp-content\/uploads\/2023\/09\/ita15.jpg\" alt=\"Italian Breakfast Bread Rolls\" class=\"wp-image-155186\"\/><\/figure>\n\n\n\n<figure class=\"wp-block-image size-full\"><img decoding=\"async\" src=\"https:\/\/pane-bistecca.com\/wp-content\/uploads\/2023\/09\/ita19.jpg\" alt=\"Italian Breakfast Bread Rolls\" class=\"wp-image-155187\"\/><\/figure>\n\n\n\n<figure class=\"wp-block-image size-large\"><img decoding=\"async\" src=\"https:\/\/pane-bistecca.com\/wp-content\/uploads\/2023\/09\/ita18-683x1024.jpg\" alt=\"Italian Breakfast Bread Rolls\" class=\"wp-image-155188\"\/><\/figure>\n\n\n\n<figure class=\"wp-block-image size-full\"><img decoding=\"async\" src=\"https:\/\/pane-bistecca.com\/wp-content\/uploads\/2023\/09\/ita13.jpg\" alt=\"Italian Breakfast Bread Rolls\" class=\"wp-image-155189\"\/><\/figure>\n\n\n<div class=\"wp-block-image\">\n<figure class=\"aligncenter size-full\"><img decoding=\"async\" src=\"https:\/\/pane-bistecca.com\/wp-content\/uploads\/2018\/09\/9267017_orig.jpg\" alt=\"signature\" class=\"wp-image-72\"\/><\/figure>\n<\/div>","protected":false},"excerpt":{"rendered":"<p>Italian Breakfast Bread Rolls for WBD 2023 Pane-Bistecca Healthy, crispy breakfast rolls are always welcome. This recipe for Italian Breakfast Bread Rolls&#8230;<\/p>\n","protected":false},"author":5,"featured_media":156921,"comment_status":"open","ping_status":"open","sticky":false,"template":"","format":"gallery","meta":{"footnotes":""},"categories":[268,1484,639,135,1280,93,235,54,431,33,9],"tags":[571,137,95,58,544,39,587],"class_list":{"0":"post-15364","1":"post","2":"type-post","3":"status-publish","4":"format-gallery","5":"has-post-thumbnail","7":"category-blogevent","8":"category-worldbreadday","9":"category-from-around-the-world","10":"category-bread","11":"category-europa","12":"category-breakfast","13":"category-baked-goods","14":"category-italien","15":"category-lactose-free","16":"category-snack","17":"category-vegan","18":"tag-blogevent","19":"tag-brot","20":"tag-fruehstueck","21":"tag-italien","22":"tag-lactose-free","23":"tag-snack","24":"tag-vegan","25":"post_format-post-format-gallery"},"yoast_head":"<!-- This site is optimized with the Yoast SEO plugin v24.7 - https:\/\/yoast.com\/wordpress\/plugins\/seo\/ -->\n<title>Italienische Fr\u00fchst\u00fccks-Br\u00f6tchenItalian Breakfast Bread Rolls<\/title>\n<meta name=\"description\" content=\"Italian Breakfast Bread Rolls for the WBD 2023, they turn out very crisp and delicious. I can still smell them!\" \/>\n<meta name=\"robots\" content=\"index, follow, max-snippet:-1, max-image-preview:large, max-video-preview:-1\" \/>\n<link rel=\"canonical\" href=\"https:\/\/pane-bistecca.com\/en\/2023\/10\/16\/italienische-fruehstuecks-broetchen\/\" \/>\n<meta property=\"og:locale\" content=\"en_US\" \/>\n<meta property=\"og:locale:alternate\" content=\"de_DE\" \/>\n<meta property=\"og:type\" content=\"article\" \/>\n<meta property=\"og:title\" content=\"Italienische Fr\u00fchst\u00fccks-Br\u00f6tchenItalian Breakfast Bread Rolls\" \/>\n<meta property=\"og:description\" content=\"Italian Breakfast Bread Rolls for the WBD 2023, they turn out very crisp and delicious. I can still smell them!\" \/>\n<meta property=\"og:url\" content=\"https:\/\/pane-bistecca.com\/en\/2023\/10\/16\/italienische-fruehstuecks-broetchen\/\" \/>\n<meta property=\"og:site_name\" content=\"Pane-Bistecca\" \/>\n<meta property=\"article:published_time\" content=\"2023-10-16T01:00:00+00:00\" \/>\n<meta property=\"article:modified_time\" content=\"2024-10-23T01:46:52+00:00\" \/>\n<meta property=\"og:image\" content=\"https:\/\/pane-bistecca.com\/wp-content\/uploads\/2023\/10\/ita19.jpg\" \/>\n\t<meta property=\"og:image:width\" content=\"1024\" \/>\n\t<meta property=\"og:image:height\" content=\"683\" \/>\n\t<meta property=\"og:image:type\" content=\"image\/jpeg\" \/>\n<meta name=\"author\" content=\"Pane Bistecca\" \/>\n<meta name=\"twitter:card\" content=\"summary_large_image\" \/>\n<meta name=\"twitter:label1\" content=\"Written by\" \/>\n\t<meta name=\"twitter:data1\" content=\"Pane Bistecca\" \/>\n\t<meta name=\"twitter:label2\" content=\"Est. reading time\" \/>\n\t<meta name=\"twitter:data2\" content=\"6 minutes\" \/>\n<script type=\"application\/ld+json\" class=\"yoast-schema-graph\">{\"@context\":\"https:\/\/schema.org\",\"@graph\":[{\"@type\":\"Article\",\"@id\":\"https:\/\/pane-bistecca.com\/2023\/10\/16\/italienische-fruehstuecks-broetchen\/#article\",\"isPartOf\":{\"@id\":\"https:\/\/pane-bistecca.com\/2023\/10\/16\/italienische-fruehstuecks-broetchen\/\"},\"author\":{\"name\":\"Pane Bistecca\",\"@id\":\"https:\/\/pane-bistecca.com\/#\/schema\/person\/8f6864a6ceb0977c4008ee1208c02ee8\"},\"headline\":\"Italian Breakfast Bread Rolls for WBD 2023\",\"datePublished\":\"2023-10-16T01:00:00+00:00\",\"dateModified\":\"2024-10-23T01:46:52+00:00\",\"mainEntityOfPage\":{\"@id\":\"https:\/\/pane-bistecca.com\/2023\/10\/16\/italienische-fruehstuecks-broetchen\/\"},\"wordCount\":834,\"commentCount\":0,\"publisher\":{\"@id\":\"https:\/\/pane-bistecca.com\/#\/schema\/person\/8f6864a6ceb0977c4008ee1208c02ee8\"},\"image\":{\"@id\":\"https:\/\/pane-bistecca.com\/2023\/10\/16\/italienische-fruehstuecks-broetchen\/#primaryimage\"},\"thumbnailUrl\":\"https:\/\/pane-bistecca.com\/wp-content\/uploads\/2023\/10\/ita19.jpg\",\"keywords\":[\"Blogevent\",\"Bread\",\"Breakfast\",\"Italy\",\"Lactose-free\",\"Snack\",\"Vegan\"],\"articleSection\":[\"#Blogevent\",\"#WorldBreadDay\",\"From around the world\",\"Bread\",\"Europe\",\"Breakfast\",\"Baked Goods\",\"Italy\",\"Lactose-free\",\"Snack\",\"Vegan\"],\"inLanguage\":\"en-US\",\"potentialAction\":[{\"@type\":\"CommentAction\",\"name\":\"Comment\",\"target\":[\"https:\/\/pane-bistecca.com\/2023\/10\/16\/italienische-fruehstuecks-broetchen\/#respond\"]}]},{\"@type\":\"WebPage\",\"@id\":\"https:\/\/pane-bistecca.com\/2023\/10\/16\/italienische-fruehstuecks-broetchen\/\",\"url\":\"https:\/\/pane-bistecca.com\/2023\/10\/16\/italienische-fruehstuecks-broetchen\/\",\"name\":\"Italienische Fr\u00fchst\u00fccks-Br\u00f6tchenItalian Breakfast Bread Rolls\",\"isPartOf\":{\"@id\":\"https:\/\/pane-bistecca.com\/#website\"},\"primaryImageOfPage\":{\"@id\":\"https:\/\/pane-bistecca.com\/2023\/10\/16\/italienische-fruehstuecks-broetchen\/#primaryimage\"},\"image\":{\"@id\":\"https:\/\/pane-bistecca.com\/2023\/10\/16\/italienische-fruehstuecks-broetchen\/#primaryimage\"},\"thumbnailUrl\":\"https:\/\/pane-bistecca.com\/wp-content\/uploads\/2023\/10\/ita19.jpg\",\"datePublished\":\"2023-10-16T01:00:00+00:00\",\"dateModified\":\"2024-10-23T01:46:52+00:00\",\"description\":\"Italian Breakfast Bread Rolls for the WBD 2023, they turn out very crisp and delicious. I can still smell them!\",\"breadcrumb\":{\"@id\":\"https:\/\/pane-bistecca.com\/2023\/10\/16\/italienische-fruehstuecks-broetchen\/#breadcrumb\"},\"inLanguage\":\"en-US\",\"potentialAction\":[{\"@type\":\"ReadAction\",\"target\":[\"https:\/\/pane-bistecca.com\/2023\/10\/16\/italienische-fruehstuecks-broetchen\/\"]}]},{\"@type\":\"ImageObject\",\"inLanguage\":\"en-US\",\"@id\":\"https:\/\/pane-bistecca.com\/2023\/10\/16\/italienische-fruehstuecks-broetchen\/#primaryimage\",\"url\":\"https:\/\/pane-bistecca.com\/wp-content\/uploads\/2023\/10\/ita19.jpg\",\"contentUrl\":\"https:\/\/pane-bistecca.com\/wp-content\/uploads\/2023\/10\/ita19.jpg\",\"width\":1024,\"height\":683},{\"@type\":\"BreadcrumbList\",\"@id\":\"https:\/\/pane-bistecca.com\/2023\/10\/16\/italienische-fruehstuecks-broetchen\/#breadcrumb\",\"itemListElement\":[{\"@type\":\"ListItem\",\"position\":1,\"name\":\"Home\",\"item\":\"https:\/\/pane-bistecca.com\/\"},{\"@type\":\"ListItem\",\"position\":2,\"name\":\"Italienische Fr\u00fchst\u00fccks-Br\u00f6tchen zum WBD 2023\"}]},{\"@type\":\"WebSite\",\"@id\":\"https:\/\/pane-bistecca.com\/#website\",\"url\":\"https:\/\/pane-bistecca.com\/\",\"name\":\"Pane Bistecca\",\"description\":\"World Class Cooking\",\"publisher\":{\"@id\":\"https:\/\/pane-bistecca.com\/#\/schema\/person\/8f6864a6ceb0977c4008ee1208c02ee8\"},\"alternateName\":\"P-B\",\"potentialAction\":[{\"@type\":\"SearchAction\",\"target\":{\"@type\":\"EntryPoint\",\"urlTemplate\":\"https:\/\/pane-bistecca.com\/?s={search_term_string}\"},\"query-input\":{\"@type\":\"PropertyValueSpecification\",\"valueRequired\":true,\"valueName\":\"search_term_string\"}}],\"inLanguage\":\"en-US\"},{\"@type\":[\"Person\",\"Organization\"],\"@id\":\"https:\/\/pane-bistecca.com\/#\/schema\/person\/8f6864a6ceb0977c4008ee1208c02ee8\",\"name\":\"Pane Bistecca\",\"image\":{\"@type\":\"ImageObject\",\"inLanguage\":\"en-US\",\"@id\":\"https:\/\/pane-bistecca.com\/#\/schema\/person\/image\/\",\"url\":\"https:\/\/pane-bistecca.com\/wp-content\/uploads\/2023\/11\/logo1.jpg\",\"contentUrl\":\"https:\/\/pane-bistecca.com\/wp-content\/uploads\/2023\/11\/logo1.jpg\",\"width\":184,\"height\":204,\"caption\":\"Pane Bistecca\"},\"logo\":{\"@id\":\"https:\/\/pane-bistecca.com\/#\/schema\/person\/image\/\"},\"sameAs\":[\"https:\/\/pane-bistecca.com\"],\"url\":\"https:\/\/pane-bistecca.com\/en\/author\/pane-bistecca\/\"}]}<\/script>\n<!-- \/ Yoast SEO plugin. -->","yoast_head_json":{"title":"Italienische Fr\u00fchst\u00fccks-Br\u00f6tchenItalian Breakfast Bread Rolls","description":"Italian Breakfast Bread Rolls for the WBD 2023, they turn out very crisp and delicious. I can still smell them!","robots":{"index":"index","follow":"follow","max-snippet":"max-snippet:-1","max-image-preview":"max-image-preview:large","max-video-preview":"max-video-preview:-1"},"canonical":"https:\/\/pane-bistecca.com\/en\/2023\/10\/16\/italienische-fruehstuecks-broetchen\/","og_locale":"en_US","og_type":"article","og_title":"[:de]Italienische Fr\u00fchst\u00fccks-Br\u00f6tchen[:en]Italienische Fr\u00fchst\u00fccks-Br\u00f6tchenItalian Breakfast Bread Rolls[:]","og_description":"[:de]Italienische Fr\u00fchst\u00fccks-Br\u00f6tchen zum WBD 2023, feine, knusprige, italienische Br\u00f6tchen zum Fr\u00fchst\u00fcck, ich rieche sie schon![:en]Italian Breakfast Bread Rolls for the WBD 2023, they turn out very crisp and delicious. I can still smell them![:]","og_url":"https:\/\/pane-bistecca.com\/en\/2023\/10\/16\/italienische-fruehstuecks-broetchen\/","og_site_name":"Pane-Bistecca","article_published_time":"2023-10-16T01:00:00+00:00","article_modified_time":"2024-10-23T01:46:52+00:00","og_image":[{"width":1024,"height":683,"url":"https:\/\/pane-bistecca.com\/wp-content\/uploads\/2023\/10\/ita19.jpg","type":"image\/jpeg"}],"author":"Pane Bistecca","twitter_card":"summary_large_image","twitter_misc":{"Written by":"Pane Bistecca","Est. reading time":"6 minutes"},"schema":{"@context":"https:\/\/schema.org","@graph":[{"@type":"Article","@id":"https:\/\/pane-bistecca.com\/2023\/10\/16\/italienische-fruehstuecks-broetchen\/#article","isPartOf":{"@id":"https:\/\/pane-bistecca.com\/2023\/10\/16\/italienische-fruehstuecks-broetchen\/"},"author":{"name":"Pane Bistecca","@id":"https:\/\/pane-bistecca.com\/#\/schema\/person\/8f6864a6ceb0977c4008ee1208c02ee8"},"headline":"Italian Breakfast Bread Rolls for WBD 2023","datePublished":"2023-10-16T01:00:00+00:00","dateModified":"2024-10-23T01:46:52+00:00","mainEntityOfPage":{"@id":"https:\/\/pane-bistecca.com\/2023\/10\/16\/italienische-fruehstuecks-broetchen\/"},"wordCount":834,"commentCount":0,"publisher":{"@id":"https:\/\/pane-bistecca.com\/#\/schema\/person\/8f6864a6ceb0977c4008ee1208c02ee8"},"image":{"@id":"https:\/\/pane-bistecca.com\/2023\/10\/16\/italienische-fruehstuecks-broetchen\/#primaryimage"},"thumbnailUrl":"https:\/\/pane-bistecca.com\/wp-content\/uploads\/2023\/10\/ita19.jpg","keywords":["Blogevent","Bread","Breakfast","Italy","Lactose-free","Snack","Vegan"],"articleSection":["#Blogevent","#WorldBreadDay","From around the world","Bread","Europe","Breakfast","Baked Goods","Italy","Lactose-free","Snack","Vegan"],"inLanguage":"en-US","potentialAction":[{"@type":"CommentAction","name":"Comment","target":["https:\/\/pane-bistecca.com\/2023\/10\/16\/italienische-fruehstuecks-broetchen\/#respond"]}]},{"@type":"WebPage","@id":"https:\/\/pane-bistecca.com\/2023\/10\/16\/italienische-fruehstuecks-broetchen\/","url":"https:\/\/pane-bistecca.com\/2023\/10\/16\/italienische-fruehstuecks-broetchen\/","name":"Italienische Fr\u00fchst\u00fccks-Br\u00f6tchenItalian Breakfast Bread Rolls","isPartOf":{"@id":"https:\/\/pane-bistecca.com\/#website"},"primaryImageOfPage":{"@id":"https:\/\/pane-bistecca.com\/2023\/10\/16\/italienische-fruehstuecks-broetchen\/#primaryimage"},"image":{"@id":"https:\/\/pane-bistecca.com\/2023\/10\/16\/italienische-fruehstuecks-broetchen\/#primaryimage"},"thumbnailUrl":"https:\/\/pane-bistecca.com\/wp-content\/uploads\/2023\/10\/ita19.jpg","datePublished":"2023-10-16T01:00:00+00:00","dateModified":"2024-10-23T01:46:52+00:00","description":"Italian Breakfast Bread Rolls for the WBD 2023, they turn out very crisp and delicious. I can still smell them!","breadcrumb":{"@id":"https:\/\/pane-bistecca.com\/2023\/10\/16\/italienische-fruehstuecks-broetchen\/#breadcrumb"},"inLanguage":"en-US","potentialAction":[{"@type":"ReadAction","target":["https:\/\/pane-bistecca.com\/2023\/10\/16\/italienische-fruehstuecks-broetchen\/"]}]},{"@type":"ImageObject","inLanguage":"en-US","@id":"https:\/\/pane-bistecca.com\/2023\/10\/16\/italienische-fruehstuecks-broetchen\/#primaryimage","url":"https:\/\/pane-bistecca.com\/wp-content\/uploads\/2023\/10\/ita19.jpg","contentUrl":"https:\/\/pane-bistecca.com\/wp-content\/uploads\/2023\/10\/ita19.jpg","width":1024,"height":683},{"@type":"BreadcrumbList","@id":"https:\/\/pane-bistecca.com\/2023\/10\/16\/italienische-fruehstuecks-broetchen\/#breadcrumb","itemListElement":[{"@type":"ListItem","position":1,"name":"Home","item":"https:\/\/pane-bistecca.com\/"},{"@type":"ListItem","position":2,"name":"Italienische Fr\u00fchst\u00fccks-Br\u00f6tchen zum WBD 2023"}]},{"@type":"WebSite","@id":"https:\/\/pane-bistecca.com\/#website","url":"https:\/\/pane-bistecca.com\/","name":"Pane Bistecca","description":"World Class Cooking","publisher":{"@id":"https:\/\/pane-bistecca.com\/#\/schema\/person\/8f6864a6ceb0977c4008ee1208c02ee8"},"alternateName":"P-B","potentialAction":[{"@type":"SearchAction","target":{"@type":"EntryPoint","urlTemplate":"https:\/\/pane-bistecca.com\/?s={search_term_string}"},"query-input":{"@type":"PropertyValueSpecification","valueRequired":true,"valueName":"search_term_string"}}],"inLanguage":"en-US"},{"@type":["Person","Organization"],"@id":"https:\/\/pane-bistecca.com\/#\/schema\/person\/8f6864a6ceb0977c4008ee1208c02ee8","name":"Pane Bistecca","image":{"@type":"ImageObject","inLanguage":"en-US","@id":"https:\/\/pane-bistecca.com\/#\/schema\/person\/image\/","url":"https:\/\/pane-bistecca.com\/wp-content\/uploads\/2023\/11\/logo1.jpg","contentUrl":"https:\/\/pane-bistecca.com\/wp-content\/uploads\/2023\/11\/logo1.jpg","width":184,"height":204,"caption":"Pane Bistecca"},"logo":{"@id":"https:\/\/pane-bistecca.com\/#\/schema\/person\/image\/"},"sameAs":["https:\/\/pane-bistecca.com"],"url":"https:\/\/pane-bistecca.com\/en\/author\/pane-bistecca\/"}]}},"_links":{"self":[{"href":"https:\/\/pane-bistecca.com\/en\/wp-json\/wp\/v2\/posts\/15364","targetHints":{"allow":["GET"]}}],"collection":[{"href":"https:\/\/pane-bistecca.com\/en\/wp-json\/wp\/v2\/posts"}],"about":[{"href":"https:\/\/pane-bistecca.com\/en\/wp-json\/wp\/v2\/types\/post"}],"author":[{"embeddable":true,"href":"https:\/\/pane-bistecca.com\/en\/wp-json\/wp\/v2\/users\/5"}],"replies":[{"embeddable":true,"href":"https:\/\/pane-bistecca.com\/en\/wp-json\/wp\/v2\/comments?post=15364"}],"version-history":[{"count":8,"href":"https:\/\/pane-bistecca.com\/en\/wp-json\/wp\/v2\/posts\/15364\/revisions"}],"predecessor-version":[{"id":15969,"href":"https:\/\/pane-bistecca.com\/en\/wp-json\/wp\/v2\/posts\/15364\/revisions\/15969"}],"wp:featuredmedia":[{"embeddable":true,"href":"https:\/\/pane-bistecca.com\/en\/wp-json\/wp\/v2\/media\/156921"}],"wp:attachment":[{"href":"https:\/\/pane-bistecca.com\/en\/wp-json\/wp\/v2\/media?parent=15364"}],"wp:term":[{"taxonomy":"category","embeddable":true,"href":"https:\/\/pane-bistecca.com\/en\/wp-json\/wp\/v2\/categories?post=15364"},{"taxonomy":"post_tag","embeddable":true,"href":"https:\/\/pane-bistecca.com\/en\/wp-json\/wp\/v2\/tags?post=15364"}],"curies":[{"name":"wp","href":"https:\/\/api.w.org\/{rel}","templated":true}]}}