{"id":15315,"date":"2023-06-12T02:35:48","date_gmt":"2023-06-12T01:35:48","guid":{"rendered":"http:\/\/dev.pane-bistecca.com\/2023\/06\/12\/huhnerfleisch-salat-mit-apfel-und-mais\/"},"modified":"2024-04-09T13:56:27","modified_gmt":"2024-04-09T12:56:27","slug":"huhnerfleisch-salat-mit-apfel-und-mais","status":"publish","type":"post","link":"https:\/\/pane-bistecca.com\/en\/2023\/06\/12\/huhnerfleisch-salat-mit-apfel-und-mais\/","title":{"rendered":"Chicken Salad with Apple and Corn"},"content":{"rendered":"\n<figure class=\"wp-block-image size-full\"><img decoding=\"async\" src=\"https:\/\/pane-bistecca.com\/wp-content\/uploads\/2023\/06\/sal13.jpg\" alt=\"H\u00fchnerfleisch Salat mit Apfel und Mais\" class=\"wp-image-153857\"\/><\/figure>\n\n\n\n<div class=\"post-recipe-block with-bg\" id=\"post-recipe-block\" vocab=\"https:\/\/schema.org\/\" typeof=\"Recipe\">\n    \n    <div class=\"post-recipe-header\"><h3 property=\"name\">Chicken Salad with Apple and Corn<\/h3><div class=\"rdf-hidden\" property=\"author\">Pane-Bistecca<\/div><\/div>\n        <div class=\"post-recipe-summary clearfix\">\n      Chicken is so versatile to use, like this chicken salad with apple and corn. \n        <br><br>\n\t\tMy mom often made a chicken salad for visitors with canned fruit in it, it was the standard starter, and everyone loved it. Mine is a little different than my mom&#8217;s, unfortunately she never wrote anything down, so I don&#8217;t have exact recipes.    \n<\/div>\n        <div class=\"post-recipe-icons-row\">\n                <div class=\"post-recipe-icon\">\n            <i class=\"fa fa-cutlery\" aria-hidden=\"true\"><\/i>\n            <div class=\"post-recipe-icon-details\">\n                <div class=\"post-recipe-icon-title\">Prep time<\/div>\n                <div class=\"post-recipe-icon-value\">15 min<\/div>\n            <\/div>\n        <\/div>\n                        <div class=\"post-recipe-icon\">\n            <i class=\"fa fa-clock-o\" aria-hidden=\"true\"><\/i>\n            <div class=\"post-recipe-icon-details\">\n                <div class=\"post-recipe-icon-title\">Cooking time<\/div>\n                <div class=\"post-recipe-icon-value\">30 min<\/div>\n            <\/div>\n        <\/div>\n                        <div class=\"post-recipe-icon\">\n            <i class=\"fa fa-users\" aria-hidden=\"true\"><\/i>\n            <div class=\"post-recipe-icon-details\">\n                <div class=\"post-recipe-icon-title\">Portions<\/div>\n                <div class=\"post-recipe-icon-value\">6<\/div>\n            <\/div>\n        <\/div>\n                        <div class=\"post-recipe-icon\">\n            <i class=\"fa fa-check-square-o\" aria-hidden=\"true\"><\/i>\n            <div class=\"post-recipe-icon-details\">\n                <div class=\"post-recipe-icon-title\">Total time<\/div>\n                <div class=\"post-recipe-icon-value\">45 min<\/div>\n            <\/div>\n        <\/div>\n            <\/div>\n\n        <div class=\"post-recipe-details\">\n            <div class=\"post-recipe-details-column\">\n\n\t            <h4>Ingredients<\/h4>\n\n\t            <ul>\n\t                <li><i class=\"fa fa-check\" aria-hidden=\"true\"><\/i><p property=\"recipeIngredient\">400 g Chicken Breast<\/p><\/li>\n\t                <li><i class=\"fa fa-check\" aria-hidden=\"true\"><\/i><p property=\"recipeIngredient\">2 Apples<\/p><\/li>\n\t                <li><i class=\"fa fa-check\" aria-hidden=\"true\"><\/i><p property=\"recipeIngredient\">1 can Corn<\/p><\/li>\n\t                <li><i class=\"fa fa-check\" aria-hidden=\"true\"><\/i><p property=\"recipeIngredient\">1 bunch of Chives or 4 Spring Onions<\/p><\/li>\n\t                <li><i class=\"fa fa-check\" aria-hidden=\"true\"><\/i><p property=\"recipeIngredient\">1 L Chicken Broth<\/p><\/li>\n                        <li><i class=\"fa fa-check\" aria-hidden=\"true\"><\/i><p property=\"recipeIngredient\">1 Lemon, the juice<\/p><\/li>\n<h4>Dressing:<\/h4>\n\t                <li><i class=\"fa fa-check\" aria-hidden=\"true\"><\/i><p property=\"recipeIngredient\">3 tbsp Mayonnaise<\/p><\/li>\n\t                <li><i class=\"fa fa-check\" aria-hidden=\"true\"><\/i><p property=\"recipeIngredient\">2 tbsp Ketchup<\/p><\/li>\n\t                <li><i class=\"fa fa-check\" aria-hidden=\"true\"><\/i><p property=\"recipeIngredient\">1 tbsp hot Mustard<\/p><\/li>\n\t                <li><i class=\"fa fa-check\" aria-hidden=\"true\"><\/i><p property=\"recipeIngredient\">Salt and Pepper<\/p><\/li>\n\t                <li><i class=\"fa fa-check\" aria-hidden=\"true\"><\/i><p property=\"recipeIngredient\">Paprika<\/p><\/li>\n\t                <li><i class=\"fa fa-check\" aria-hidden=\"true\"><\/i><p property=\"recipeIngredient\">Curry Powder<\/p><\/li>\n                        <li><i class=\"fa fa-check\" aria-hidden=\"true\"><\/i><p property=\"recipeIngredient\">2 tbsp Red Wine Vinegar<\/p><\/li>\n\t                <li><i class=\"fa fa-check\" aria-hidden=\"true\"><\/i><p property=\"recipeIngredient\">4 tbsp Olive Oil<\/p><\/li>\n\t                \n\t            <\/ul>\n\n\t        <\/div>\n        <\/div>\n    \n        <div class=\"post-recipe-instructions-group\">\n        <h4>Instructions<\/h4>\n                        <div class=\"post-recipe-instruction\">\n            <div class=\"post-recipe-step\">1<\/div>\n            <div class=\"post-recipe-instruction-content\">\n                                <div class=\"post-recipe-instruction-title\"><h4 property=\"recipeInstructions\">Step 1<\/h4><\/div>\n                                                <div class=\"post-recipe-instruction-text\" property=\"recipeInstructions\">Boil the chicken meat in the chicken broth for 30 minutes, then let it cool. Then chop the meat into small pieces. <\/div>\n                            <\/div>\n        <\/div>\n                        <div class=\"post-recipe-instruction\">\n            <div class=\"post-recipe-step\">2<\/div>\n            <div class=\"post-recipe-instruction-content\">\n                                <div class=\"post-recipe-instruction-title\"><h4 property=\"recipeInstructions\">Step 2<\/h4><\/div>\n                                                <div class=\"post-recipe-instruction-text\" property=\"recipeInstructions\">Mix the ingredients of the dressing together. If the dressing gets too thick add some water.\n<\/div>\n                            <\/div>\n        <\/div>\n                        <div class=\"post-recipe-instruction\">\n            <div class=\"post-recipe-step\">3<\/div>\n            <div class=\"post-recipe-instruction-content\">\n                                <div class=\"post-recipe-instruction-title\"><h4 property=\"recipeInstructions\">Step 3<\/h4><\/div>\n                                                <div class=\"post-recipe-instruction-text\" property=\"recipeInstructions\">Peel the apples and cut them into slices, then into chunks. Add them to the lemon juice. Mix the chicken with the apples and the corn, add the chopped chives and mix.\n<\/div>\n                            <\/div>\n        <\/div>\n                        <div class=\"post-recipe-instruction\">\n            <div class=\"post-recipe-step\">4<\/div>\n            <div class=\"post-recipe-instruction-content\">\n                                <div class=\"post-recipe-instruction-title\"><h4 property=\"recipeInstructions\">Step 4<\/h4><\/div>\n                                                <div class=\"post-recipe-instruction-text\" property=\"recipeInstructions\">Then add the dressing and mix well. Let stand for 30 minutes, then serve on lettuce leaves.\n<\/div>\n                            <\/div>\n        <\/div>\n            <\/div>\n    \n        <div class=\"post-recipe-notes\">\n        <h4>Notes<\/h4>\n        Serve it with toasted bread or flat-bread!!    <\/div>\n    <\/div>\n\n\n<p style=\"text-align: center;\"><a href=\"https:\/\/pane-bistecca.com\/2019\/03\/04\/asiatischer-huehnerfleisch-salat-asian-chicken-salad\/\">Asiatischer H\u00fchner Salat<\/a><\/p>\n\n\n<figure class=\"wp-block-image size-full\"><img decoding=\"async\" src=\"https:\/\/pane-bistecca.com\/wp-content\/uploads\/2023\/06\/sal2.jpg\" alt=\"\" class=\"wp-image-153858\"\/><\/figure>\n\n\n\n<figure class=\"wp-block-image size-full\"><img decoding=\"async\" src=\"https:\/\/pane-bistecca.com\/wp-content\/uploads\/2023\/06\/sal1.jpg\" alt=\"\" class=\"wp-image-153859\"\/><\/figure>\n\n\n\n<figure class=\"wp-block-image size-large\"><img decoding=\"async\" src=\"https:\/\/pane-bistecca.com\/wp-content\/uploads\/2023\/06\/sal3-683x1024.jpg\" alt=\"\" class=\"wp-image-153860\"\/><\/figure>\n\n\n\n<figure class=\"wp-block-image size-full\"><img decoding=\"async\" src=\"https:\/\/pane-bistecca.com\/wp-content\/uploads\/2023\/06\/sal5.jpg\" alt=\"\" class=\"wp-image-153861\"\/><\/figure>\n\n\n\n<figure class=\"wp-block-image size-full\"><img decoding=\"async\" src=\"https:\/\/pane-bistecca.com\/wp-content\/uploads\/2023\/06\/sal10.jpg\" alt=\"H\u00fchnerfleisch Salat mit Apfel und Mais\" class=\"wp-image-153863\"\/><\/figure>\n\n\n\n<figure class=\"wp-block-image size-full\"><img decoding=\"async\" src=\"https:\/\/pane-bistecca.com\/wp-content\/uploads\/2023\/06\/sal11.jpg\" alt=\"H\u00fchnerfleisch Salat mit Apfel und Mais\" class=\"wp-image-153864\"\/><\/figure>\n\n\n\n<figure class=\"wp-block-image size-full\"><img decoding=\"async\" src=\"https:\/\/pane-bistecca.com\/wp-content\/uploads\/2023\/06\/sal14.jpg\" alt=\"H\u00fchnerfleisch Salat mit Apfel und Mais\" class=\"wp-image-153865\"\/><\/figure>\n\n\n\n<figure class=\"wp-block-image size-full\"><img decoding=\"async\" src=\"https:\/\/pane-bistecca.com\/wp-content\/uploads\/2023\/06\/sal12.jpg\" alt=\"H\u00fchnerfleisch Salat mit Apfel und Mais\" class=\"wp-image-153866\"\/><\/figure>\n\n\n<div class=\"wp-block-image\">\n<figure class=\"aligncenter size-full\"><img decoding=\"async\" src=\"https:\/\/pane-bistecca.com\/wp-content\/uploads\/2018\/09\/9267017_orig.jpg\" alt=\"signature\" class=\"wp-image-72\"\/><\/figure>\n<\/div>","protected":false},"excerpt":{"rendered":"<p>Chicken Salad with Apple and Corn Pane-Bistecca Chicken is so versatile to use, like this chicken salad with apple and corn. My&#8230;<\/p>\n","protected":false},"author":4,"featured_media":157243,"comment_status":"open","ping_status":"open","sticky":false,"template":"","format":"gallery","meta":{"footnotes":""},"categories":[72,124,73,22,361,246,99,272,133,340,64,75],"tags":[78,341,127,79,26,248,104,433,81],"class_list":{"0":"post-15315","1":"post","2":"type-post","3":"status-publish","4":"format-gallery","5":"has-post-thumbnail","7":"category-apple","8":"category-meat","9":"category-fruits","10":"category-vegetables","11":"category-glutenfrei","12":"category-chicken","13":"category-herbs","14":"category-corn","15":"category-salad","16":"category-dressing","17":"category-starters","18":"category-lemon","19":"tag-apfel","20":"tag-dressing","21":"tag-meat","22":"tag-fruit","23":"tag-gemuse","24":"tag-chicken","25":"tag-herbs","26":"tag-salat","27":"tag-zitrone","28":"post_format-post-format-gallery"},"yoast_head":"<!-- This site is optimized with the Yoast SEO plugin v24.7 - https:\/\/yoast.com\/wordpress\/plugins\/seo\/ -->\n<title>H\u00fchnerfleisch Salat mit Apfel und Mais<\/title>\n<meta name=\"description\" content=\"H\u00fchnerfleisch Salat mit Apfel und Mais, eine sehr gute Vorspeise oder gar ein eigenes Mahl. So ein Salat f\u00fcllt.\" \/>\n<meta name=\"robots\" content=\"index, follow, max-snippet:-1, max-image-preview:large, max-video-preview:-1\" \/>\n<link rel=\"canonical\" href=\"https:\/\/pane-bistecca.com\/en\/2023\/06\/12\/huhnerfleisch-salat-mit-apfel-und-mais\/\" \/>\n<meta property=\"og:locale\" content=\"en_US\" \/>\n<meta property=\"og:locale:alternate\" content=\"de_DE\" \/>\n<meta property=\"og:type\" content=\"article\" \/>\n<meta property=\"og:title\" content=\"H\u00fchnerfleisch Salat mit Apfel und Mais\" \/>\n<meta property=\"og:description\" content=\"H\u00fchnerfleisch Salat mit Apfel und Mais, eine sehr gute Vorspeise oder gar ein eigenes Mahl. So ein Salat f\u00fcllt.\" \/>\n<meta property=\"og:url\" content=\"https:\/\/pane-bistecca.com\/en\/2023\/06\/12\/huhnerfleisch-salat-mit-apfel-und-mais\/\" \/>\n<meta property=\"og:site_name\" content=\"Pane-Bistecca\" \/>\n<meta property=\"article:published_time\" content=\"2023-06-12T01:35:48+00:00\" \/>\n<meta property=\"article:modified_time\" content=\"2024-04-09T12:56:27+00:00\" \/>\n<meta property=\"og:image\" content=\"https:\/\/pane-bistecca.com\/wp-content\/uploads\/2023\/06\/sal13.jpg\" \/>\n\t<meta property=\"og:image:width\" content=\"1024\" \/>\n\t<meta property=\"og:image:height\" content=\"683\" \/>\n\t<meta property=\"og:image:type\" content=\"image\/jpeg\" \/>\n<meta name=\"author\" content=\"Wilma\" \/>\n<meta name=\"twitter:card\" content=\"summary_large_image\" \/>\n<meta name=\"twitter:label1\" content=\"Written by\" \/>\n\t<meta name=\"twitter:data1\" content=\"Wilma\" \/>\n\t<meta name=\"twitter:label2\" content=\"Est. reading time\" \/>\n\t<meta name=\"twitter:data2\" content=\"4 minutes\" \/>\n<script type=\"application\/ld+json\" class=\"yoast-schema-graph\">{\"@context\":\"https:\/\/schema.org\",\"@graph\":[{\"@type\":\"Article\",\"@id\":\"https:\/\/pane-bistecca.com\/2023\/06\/12\/huhnerfleisch-salat-mit-apfel-und-mais\/#article\",\"isPartOf\":{\"@id\":\"https:\/\/pane-bistecca.com\/2023\/06\/12\/huhnerfleisch-salat-mit-apfel-und-mais\/\"},\"author\":{\"name\":\"Wilma\",\"@id\":\"https:\/\/pane-bistecca.com\/#\/schema\/person\/16cd0cc9dc1950edc762fc785df68c79\"},\"headline\":\"Chicken Salad with Apple and Corn\",\"datePublished\":\"2023-06-12T01:35:48+00:00\",\"dateModified\":\"2024-04-09T12:56:27+00:00\",\"mainEntityOfPage\":{\"@id\":\"https:\/\/pane-bistecca.com\/2023\/06\/12\/huhnerfleisch-salat-mit-apfel-und-mais\/\"},\"wordCount\":456,\"commentCount\":0,\"publisher\":{\"@id\":\"https:\/\/pane-bistecca.com\/#\/schema\/person\/8f6864a6ceb0977c4008ee1208c02ee8\"},\"image\":{\"@id\":\"https:\/\/pane-bistecca.com\/2023\/06\/12\/huhnerfleisch-salat-mit-apfel-und-mais\/#primaryimage\"},\"thumbnailUrl\":\"https:\/\/pane-bistecca.com\/wp-content\/uploads\/2023\/06\/sal13.jpg\",\"keywords\":[\"Apple\",\"Dressing\",\"Meat\",\"Fruit\",\"Vegetable\",\"Chicken\",\"Herbs\",\"Salad\",\"Lemon\"],\"articleSection\":[\"Apple\",\"Meat\",\"Fruits\",\"Vegetables\",\"Gluten-free\",\"Chicken\",\"Herbs\",\"Corn\",\"Salad\",\"Dressing\",\"Starters\",\"Lemon\"],\"inLanguage\":\"en-US\",\"potentialAction\":[{\"@type\":\"CommentAction\",\"name\":\"Comment\",\"target\":[\"https:\/\/pane-bistecca.com\/2023\/06\/12\/huhnerfleisch-salat-mit-apfel-und-mais\/#respond\"]}]},{\"@type\":\"WebPage\",\"@id\":\"https:\/\/pane-bistecca.com\/2023\/06\/12\/huhnerfleisch-salat-mit-apfel-und-mais\/\",\"url\":\"https:\/\/pane-bistecca.com\/2023\/06\/12\/huhnerfleisch-salat-mit-apfel-und-mais\/\",\"name\":\"H\u00fchnerfleisch Salat mit Apfel und Mais\",\"isPartOf\":{\"@id\":\"https:\/\/pane-bistecca.com\/#website\"},\"primaryImageOfPage\":{\"@id\":\"https:\/\/pane-bistecca.com\/2023\/06\/12\/huhnerfleisch-salat-mit-apfel-und-mais\/#primaryimage\"},\"image\":{\"@id\":\"https:\/\/pane-bistecca.com\/2023\/06\/12\/huhnerfleisch-salat-mit-apfel-und-mais\/#primaryimage\"},\"thumbnailUrl\":\"https:\/\/pane-bistecca.com\/wp-content\/uploads\/2023\/06\/sal13.jpg\",\"datePublished\":\"2023-06-12T01:35:48+00:00\",\"dateModified\":\"2024-04-09T12:56:27+00:00\",\"description\":\"H\u00fchnerfleisch Salat mit Apfel und Mais, eine sehr gute Vorspeise oder gar ein eigenes Mahl. So ein Salat f\u00fcllt.\",\"breadcrumb\":{\"@id\":\"https:\/\/pane-bistecca.com\/2023\/06\/12\/huhnerfleisch-salat-mit-apfel-und-mais\/#breadcrumb\"},\"inLanguage\":\"en-US\",\"potentialAction\":[{\"@type\":\"ReadAction\",\"target\":[\"https:\/\/pane-bistecca.com\/2023\/06\/12\/huhnerfleisch-salat-mit-apfel-und-mais\/\"]}]},{\"@type\":\"ImageObject\",\"inLanguage\":\"en-US\",\"@id\":\"https:\/\/pane-bistecca.com\/2023\/06\/12\/huhnerfleisch-salat-mit-apfel-und-mais\/#primaryimage\",\"url\":\"https:\/\/pane-bistecca.com\/wp-content\/uploads\/2023\/06\/sal13.jpg\",\"contentUrl\":\"https:\/\/pane-bistecca.com\/wp-content\/uploads\/2023\/06\/sal13.jpg\",\"width\":1024,\"height\":683},{\"@type\":\"BreadcrumbList\",\"@id\":\"https:\/\/pane-bistecca.com\/2023\/06\/12\/huhnerfleisch-salat-mit-apfel-und-mais\/#breadcrumb\",\"itemListElement\":[{\"@type\":\"ListItem\",\"position\":1,\"name\":\"Home\",\"item\":\"https:\/\/pane-bistecca.com\/\"},{\"@type\":\"ListItem\",\"position\":2,\"name\":\"H\u00fchnerfleisch Salat mit Apfel und Mais\"}]},{\"@type\":\"WebSite\",\"@id\":\"https:\/\/pane-bistecca.com\/#website\",\"url\":\"https:\/\/pane-bistecca.com\/\",\"name\":\"Pane Bistecca\",\"description\":\"World Class Cooking\",\"publisher\":{\"@id\":\"https:\/\/pane-bistecca.com\/#\/schema\/person\/8f6864a6ceb0977c4008ee1208c02ee8\"},\"alternateName\":\"P-B\",\"potentialAction\":[{\"@type\":\"SearchAction\",\"target\":{\"@type\":\"EntryPoint\",\"urlTemplate\":\"https:\/\/pane-bistecca.com\/?s={search_term_string}\"},\"query-input\":{\"@type\":\"PropertyValueSpecification\",\"valueRequired\":true,\"valueName\":\"search_term_string\"}}],\"inLanguage\":\"en-US\"},{\"@type\":[\"Person\",\"Organization\"],\"@id\":\"https:\/\/pane-bistecca.com\/#\/schema\/person\/8f6864a6ceb0977c4008ee1208c02ee8\",\"name\":\"Pane Bistecca\",\"image\":{\"@type\":\"ImageObject\",\"inLanguage\":\"en-US\",\"@id\":\"https:\/\/pane-bistecca.com\/#\/schema\/person\/image\/\",\"url\":\"https:\/\/pane-bistecca.com\/wp-content\/uploads\/2023\/11\/logo1.jpg\",\"contentUrl\":\"https:\/\/pane-bistecca.com\/wp-content\/uploads\/2023\/11\/logo1.jpg\",\"width\":184,\"height\":204,\"caption\":\"Pane Bistecca\"},\"logo\":{\"@id\":\"https:\/\/pane-bistecca.com\/#\/schema\/person\/image\/\"},\"sameAs\":[\"https:\/\/pane-bistecca.com\"]},{\"@type\":\"Person\",\"@id\":\"https:\/\/pane-bistecca.com\/#\/schema\/person\/16cd0cc9dc1950edc762fc785df68c79\",\"name\":\"Wilma\",\"image\":{\"@type\":\"ImageObject\",\"inLanguage\":\"en-US\",\"@id\":\"https:\/\/pane-bistecca.com\/#\/schema\/person\/image\/\",\"url\":\"https:\/\/secure.gravatar.com\/avatar\/8879edce58750ac51d2b7a43a2b23343326bf0d5cfd1f8d46f5c5eb24e0015b9?s=96&d=robohash&r=g\",\"contentUrl\":\"https:\/\/secure.gravatar.com\/avatar\/8879edce58750ac51d2b7a43a2b23343326bf0d5cfd1f8d46f5c5eb24e0015b9?s=96&d=robohash&r=g\",\"caption\":\"Wilma\"},\"url\":\"https:\/\/pane-bistecca.com\/en\/author\/wilma\/\"}]}<\/script>\n<!-- \/ Yoast SEO plugin. -->","yoast_head_json":{"title":"H\u00fchnerfleisch Salat mit Apfel und Mais","description":"H\u00fchnerfleisch Salat mit Apfel und Mais, eine sehr gute Vorspeise oder gar ein eigenes Mahl. So ein Salat f\u00fcllt.","robots":{"index":"index","follow":"follow","max-snippet":"max-snippet:-1","max-image-preview":"max-image-preview:large","max-video-preview":"max-video-preview:-1"},"canonical":"https:\/\/pane-bistecca.com\/en\/2023\/06\/12\/huhnerfleisch-salat-mit-apfel-und-mais\/","og_locale":"en_US","og_type":"article","og_title":"H\u00fchnerfleisch Salat mit Apfel und Mais","og_description":"H\u00fchnerfleisch Salat mit Apfel und Mais, eine sehr gute Vorspeise oder gar ein eigenes Mahl. So ein Salat f\u00fcllt.","og_url":"https:\/\/pane-bistecca.com\/en\/2023\/06\/12\/huhnerfleisch-salat-mit-apfel-und-mais\/","og_site_name":"Pane-Bistecca","article_published_time":"2023-06-12T01:35:48+00:00","article_modified_time":"2024-04-09T12:56:27+00:00","og_image":[{"width":1024,"height":683,"url":"https:\/\/pane-bistecca.com\/wp-content\/uploads\/2023\/06\/sal13.jpg","type":"image\/jpeg"}],"author":"Wilma","twitter_card":"summary_large_image","twitter_misc":{"Written by":"Wilma","Est. reading time":"4 minutes"},"schema":{"@context":"https:\/\/schema.org","@graph":[{"@type":"Article","@id":"https:\/\/pane-bistecca.com\/2023\/06\/12\/huhnerfleisch-salat-mit-apfel-und-mais\/#article","isPartOf":{"@id":"https:\/\/pane-bistecca.com\/2023\/06\/12\/huhnerfleisch-salat-mit-apfel-und-mais\/"},"author":{"name":"Wilma","@id":"https:\/\/pane-bistecca.com\/#\/schema\/person\/16cd0cc9dc1950edc762fc785df68c79"},"headline":"Chicken Salad with Apple and Corn","datePublished":"2023-06-12T01:35:48+00:00","dateModified":"2024-04-09T12:56:27+00:00","mainEntityOfPage":{"@id":"https:\/\/pane-bistecca.com\/2023\/06\/12\/huhnerfleisch-salat-mit-apfel-und-mais\/"},"wordCount":456,"commentCount":0,"publisher":{"@id":"https:\/\/pane-bistecca.com\/#\/schema\/person\/8f6864a6ceb0977c4008ee1208c02ee8"},"image":{"@id":"https:\/\/pane-bistecca.com\/2023\/06\/12\/huhnerfleisch-salat-mit-apfel-und-mais\/#primaryimage"},"thumbnailUrl":"https:\/\/pane-bistecca.com\/wp-content\/uploads\/2023\/06\/sal13.jpg","keywords":["Apple","Dressing","Meat","Fruit","Vegetable","Chicken","Herbs","Salad","Lemon"],"articleSection":["Apple","Meat","Fruits","Vegetables","Gluten-free","Chicken","Herbs","Corn","Salad","Dressing","Starters","Lemon"],"inLanguage":"en-US","potentialAction":[{"@type":"CommentAction","name":"Comment","target":["https:\/\/pane-bistecca.com\/2023\/06\/12\/huhnerfleisch-salat-mit-apfel-und-mais\/#respond"]}]},{"@type":"WebPage","@id":"https:\/\/pane-bistecca.com\/2023\/06\/12\/huhnerfleisch-salat-mit-apfel-und-mais\/","url":"https:\/\/pane-bistecca.com\/2023\/06\/12\/huhnerfleisch-salat-mit-apfel-und-mais\/","name":"H\u00fchnerfleisch Salat mit Apfel und Mais","isPartOf":{"@id":"https:\/\/pane-bistecca.com\/#website"},"primaryImageOfPage":{"@id":"https:\/\/pane-bistecca.com\/2023\/06\/12\/huhnerfleisch-salat-mit-apfel-und-mais\/#primaryimage"},"image":{"@id":"https:\/\/pane-bistecca.com\/2023\/06\/12\/huhnerfleisch-salat-mit-apfel-und-mais\/#primaryimage"},"thumbnailUrl":"https:\/\/pane-bistecca.com\/wp-content\/uploads\/2023\/06\/sal13.jpg","datePublished":"2023-06-12T01:35:48+00:00","dateModified":"2024-04-09T12:56:27+00:00","description":"H\u00fchnerfleisch Salat mit Apfel und Mais, eine sehr gute Vorspeise oder gar ein eigenes Mahl. So ein Salat f\u00fcllt.","breadcrumb":{"@id":"https:\/\/pane-bistecca.com\/2023\/06\/12\/huhnerfleisch-salat-mit-apfel-und-mais\/#breadcrumb"},"inLanguage":"en-US","potentialAction":[{"@type":"ReadAction","target":["https:\/\/pane-bistecca.com\/2023\/06\/12\/huhnerfleisch-salat-mit-apfel-und-mais\/"]}]},{"@type":"ImageObject","inLanguage":"en-US","@id":"https:\/\/pane-bistecca.com\/2023\/06\/12\/huhnerfleisch-salat-mit-apfel-und-mais\/#primaryimage","url":"https:\/\/pane-bistecca.com\/wp-content\/uploads\/2023\/06\/sal13.jpg","contentUrl":"https:\/\/pane-bistecca.com\/wp-content\/uploads\/2023\/06\/sal13.jpg","width":1024,"height":683},{"@type":"BreadcrumbList","@id":"https:\/\/pane-bistecca.com\/2023\/06\/12\/huhnerfleisch-salat-mit-apfel-und-mais\/#breadcrumb","itemListElement":[{"@type":"ListItem","position":1,"name":"Home","item":"https:\/\/pane-bistecca.com\/"},{"@type":"ListItem","position":2,"name":"H\u00fchnerfleisch Salat mit Apfel und Mais"}]},{"@type":"WebSite","@id":"https:\/\/pane-bistecca.com\/#website","url":"https:\/\/pane-bistecca.com\/","name":"Pane Bistecca","description":"World Class Cooking","publisher":{"@id":"https:\/\/pane-bistecca.com\/#\/schema\/person\/8f6864a6ceb0977c4008ee1208c02ee8"},"alternateName":"P-B","potentialAction":[{"@type":"SearchAction","target":{"@type":"EntryPoint","urlTemplate":"https:\/\/pane-bistecca.com\/?s={search_term_string}"},"query-input":{"@type":"PropertyValueSpecification","valueRequired":true,"valueName":"search_term_string"}}],"inLanguage":"en-US"},{"@type":["Person","Organization"],"@id":"https:\/\/pane-bistecca.com\/#\/schema\/person\/8f6864a6ceb0977c4008ee1208c02ee8","name":"Pane Bistecca","image":{"@type":"ImageObject","inLanguage":"en-US","@id":"https:\/\/pane-bistecca.com\/#\/schema\/person\/image\/","url":"https:\/\/pane-bistecca.com\/wp-content\/uploads\/2023\/11\/logo1.jpg","contentUrl":"https:\/\/pane-bistecca.com\/wp-content\/uploads\/2023\/11\/logo1.jpg","width":184,"height":204,"caption":"Pane Bistecca"},"logo":{"@id":"https:\/\/pane-bistecca.com\/#\/schema\/person\/image\/"},"sameAs":["https:\/\/pane-bistecca.com"]},{"@type":"Person","@id":"https:\/\/pane-bistecca.com\/#\/schema\/person\/16cd0cc9dc1950edc762fc785df68c79","name":"Wilma","image":{"@type":"ImageObject","inLanguage":"en-US","@id":"https:\/\/pane-bistecca.com\/#\/schema\/person\/image\/","url":"https:\/\/secure.gravatar.com\/avatar\/8879edce58750ac51d2b7a43a2b23343326bf0d5cfd1f8d46f5c5eb24e0015b9?s=96&d=robohash&r=g","contentUrl":"https:\/\/secure.gravatar.com\/avatar\/8879edce58750ac51d2b7a43a2b23343326bf0d5cfd1f8d46f5c5eb24e0015b9?s=96&d=robohash&r=g","caption":"Wilma"},"url":"https:\/\/pane-bistecca.com\/en\/author\/wilma\/"}]}},"_links":{"self":[{"href":"https:\/\/pane-bistecca.com\/en\/wp-json\/wp\/v2\/posts\/15315","targetHints":{"allow":["GET"]}}],"collection":[{"href":"https:\/\/pane-bistecca.com\/en\/wp-json\/wp\/v2\/posts"}],"about":[{"href":"https:\/\/pane-bistecca.com\/en\/wp-json\/wp\/v2\/types\/post"}],"author":[{"embeddable":true,"href":"https:\/\/pane-bistecca.com\/en\/wp-json\/wp\/v2\/users\/4"}],"replies":[{"embeddable":true,"href":"https:\/\/pane-bistecca.com\/en\/wp-json\/wp\/v2\/comments?post=15315"}],"version-history":[{"count":3,"href":"https:\/\/pane-bistecca.com\/en\/wp-json\/wp\/v2\/posts\/15315\/revisions"}],"predecessor-version":[{"id":157247,"href":"https:\/\/pane-bistecca.com\/en\/wp-json\/wp\/v2\/posts\/15315\/revisions\/157247"}],"wp:featuredmedia":[{"embeddable":true,"href":"https:\/\/pane-bistecca.com\/en\/wp-json\/wp\/v2\/media\/157243"}],"wp:attachment":[{"href":"https:\/\/pane-bistecca.com\/en\/wp-json\/wp\/v2\/media?parent=15315"}],"wp:term":[{"taxonomy":"category","embeddable":true,"href":"https:\/\/pane-bistecca.com\/en\/wp-json\/wp\/v2\/categories?post=15315"},{"taxonomy":"post_tag","embeddable":true,"href":"https:\/\/pane-bistecca.com\/en\/wp-json\/wp\/v2\/tags?post=15315"}],"curies":[{"name":"wp","href":"https:\/\/api.w.org\/{rel}","templated":true}]}}