{"id":15142,"date":"2022-09-22T07:15:32","date_gmt":"2022-09-22T06:15:32","guid":{"rendered":"http:\/\/dev.pane-bistecca.com\/2022\/09\/22\/risotto-agli-asparagi\/"},"modified":"2024-10-26T13:27:06","modified_gmt":"2024-10-26T05:27:06","slug":"risotto-agli-asparagi","status":"publish","type":"post","link":"https:\/\/pane-bistecca.com\/en\/2022\/09\/22\/risotto-agli-asparagi\/","title":{"rendered":"Risotto agli Asparagi \u2013 Risotto with Asparagus"},"content":{"rendered":"<p style=\"text-align: center;\">Ein grosser Klassiker der italienischen K\u00fcche ist das Spargel Risotto, Risotto agli Asparagi! Fein cremig, mit mildem Geschmack, wer kann da nein sagen!? Einfach, aber raffiniert, macht er sich als Vorspeise oder Hauptspeise immer gut!<\/p>\n<p style=\"text-align: center;\">Reis ist seit der\u00a0Renaissance\u00a0in Italien bekannt und wird vorwiegend in der\u00a0Poebene\u00a0angebaut. Die bekanntesten f\u00fcr Risotto geeigneten Sorten sind\u00a0Arborio,\u00a0Vialone\u00a0und\u00a0Carnaroli. In der\u00a0italienischen K\u00fcche\u00a0wird Risotto als erster Hauptgang (primo piatto) oder als Beilage zu einem Schmorgericht wie z. B.\u00a0Risotto alla milanese\u00a0zu\u00a0Ossobuco\u00a0serviert.<\/p>\n<p style=\"text-align: center;\">Wir lieben ihn! Deshalb nimmt er auch an der <a href=\"https:\/\/volkermampft.de\/klassiker-der-italienischen-kueche-und-unbekannte-rezepte-aus-italien\/\">Kulinarischen Weltreise von Volkermampft<\/a> teil, die diesen Monat nach Italien reist.<\/p>\n<p style=\"text-align: center;\">************<\/p>\n<p style=\"text-align: center;\"><em>A great classic of Italian cuisine is asparagus risotto! Delicately creamy, with a mild flavor, who can say no!? Simple but refined, it always makes a good starter or main course! We love it! <\/em><\/p>\n<p style=\"text-align: center;\"><em>Rice has been known in Italy since the Renaissance and is mainly grown in the Po Valley. The best-known varieties suitable for risotto are Arborio, Vialone and Carnaroli. In Italian cuisine, risotto is served as the first main course (primo piatto) or as a side dish to a braised dish such as risotto alla milanese to ossobuco.<\/em><\/p>\n<p style=\"text-align: center;\"><em>That&#8217;s why it&#8217;s also part of <a href=\"https:\/\/volkermampft.de\/klassiker-der-italienischen-kueche-und-unbekannte-rezepte-aus-italien\/\">Volkermampft&#8217;s Culinary World Tour<\/a>, which travels to Italy this month.<\/em><\/p>\n\n<div class=\"wp-block-image\">\n<figure class=\"aligncenter size-large\"><img decoding=\"async\" src=\"https:\/\/pane-bistecca.com\/wp-content\/uploads\/2022\/09\/ris5-683x1024.jpg\" alt=\"Risotto agli Asparagi\" class=\"wp-image-14968\"\/><\/figure>\n<\/div>\n\n<p style=\"text-align: center;\">F\u00fcr 4 Personen:<br \/>500 g weisse Spargeln<br \/>350 g Risotto Reis<br \/>50 g Butter<br \/>1 EL Oliven\u00f6l<br \/>\u00bd Zwiebel, fein gehackt<br \/>2 Knoblauchzehen, gehackt<br \/>1.5 L Gem\u00fcse Bouillon<br \/>30-50 g geriebener Parmesan<br \/>Salz und Pfeffer<br \/>Paprika<br \/>\u00bd Bund Schnittlauch, gehackt<br \/>1 Briefchen Saffran<\/p>\n<p style=\"text-align: center;\">In einem schweren Topf die Zwiebel und die Knoblauchzehen in der Butter und dem Oliven\u00f6l glasig braten. Dann den Reis dazu geben und auch den erst glasig braten, dabei oft mit einer Kelle wenden, damit er nicht anbrennt. 2 Suppen Sch\u00f6pfl\u00f6ffel Br\u00fche dazu geben. Gut verr\u00fchren, den Saffran und Schnittlauch dazu mischen und sehr gut w\u00fcrzen.<\/p>\n<p style=\"text-align: center;\">Die Spargeln in 3-5 cm lange St\u00fccke schneiden und dazu geben. Immer gut umr\u00fchren und die Br\u00fche eink\u00f6cheln lassen, wieder Br\u00fche dazu geben und umr\u00fchren etc. bis der Risotto und die Spargeln fast gekocht sind. (das dauert ca. 30-40 Minuten) Nun den geriebenen K\u00e4se dazu geben und 20 g Butter. Gut mischen und heiss servieren.<\/p>\n<p style=\"text-align: center;\">************<\/p>\n<p style=\"text-align: center;\"><em>For 4 Persons:<\/em><br \/><em>500 g white Asparagus<\/em><br \/><em>350 g Risotto Rice<\/em><br \/><em>50 g Butter<\/em><br \/><em>1 tbsp Olive Oil<\/em><br \/><em>\u00bd Onion, finely chopped<\/em><br \/><em>2 cloves Garlic, chopped<\/em><br \/><em>1.5 L Vegetable Stock<\/em><br \/><em>30-50 g grated Parmesan<\/em><br \/><em>Salt and Pepper<\/em><br \/><em>Paprika<\/em><br \/><em>\u00bd bunch Chives, chopped<\/em><br \/><em>1 sachet Saffron<\/em><\/p>\n<p style=\"text-align: center;\"><em>In a heavy saucepan, fry the onion and garlic cloves in the butter and olive oil until translucent. Then add the rice and fry that too until translucent first, turning often with a ladle so it doesn&#8217;t burn. Add 2 soup ladles of stock. Mix well, add the saffron and chives and season very well. <\/em><\/p>\n<p style=\"text-align: center;\"><em>Cut the asparagus into 3-5 cm long pieces and add them. Always stir well and let the broth simmer down, add broth again and stir etc. repeating, until the risotto and asparagus are almost cooked. (this takes about 30-40 minutes) Now add the grated cheese and 20 g butter. Mix well and serve hot.<\/em><\/p>\n\n<div class=\"wp-block-image\">\n<figure class=\"aligncenter size-large\"><img decoding=\"async\" src=\"https:\/\/i0.wp.com\/volkermampft.de\/wp-content\/uploads\/2018\/02\/kulinarische_Weltreise_FB_Header-e1519588305565.png?fit=750%2C417&#038;ssl=1\" alt=\"\"\/><\/figure>\n<\/div>\n\n\n<figure class=\"wp-block-image size-large\"><img decoding=\"async\" src=\"https:\/\/pane-bistecca.com\/wp-content\/uploads\/2022\/09\/ris1-1024x683.jpg\" alt=\"reis\" class=\"wp-image-14969\"\/><\/figure>\n\n\n\n<figure class=\"wp-block-image size-large\"><img decoding=\"async\" src=\"https:\/\/pane-bistecca.com\/wp-content\/uploads\/2022\/09\/ris2-1024x683.jpg\" alt=\"kochen\" class=\"wp-image-14970\"\/><\/figure>\n\n\n\n<figure class=\"wp-block-image size-large\"><img decoding=\"async\" src=\"https:\/\/pane-bistecca.com\/wp-content\/uploads\/2022\/09\/ris3-1024x683.jpg\" alt=\"kochen\" class=\"wp-image-14971\"\/><\/figure>\n\n\n\n<figure class=\"wp-block-image size-large\"><img decoding=\"async\" src=\"https:\/\/pane-bistecca.com\/wp-content\/uploads\/2022\/09\/ris4-1024x776.jpg\" alt=\"Risotto agli Asparagi\" class=\"wp-image-14972\"\/><\/figure>\n\n\n\n<figure class=\"wp-block-image size-large\"><img decoding=\"async\" src=\"https:\/\/pane-bistecca.com\/wp-content\/uploads\/2022\/09\/ris6-1024x683.jpg\" alt=\"risotto\" class=\"wp-image-14973\"\/><\/figure>\n\n\n<div class=\"wp-block-image\">\n<figure class=\"aligncenter size-large\"><img decoding=\"async\" src=\"https:\/\/pane-bistecca.com\/wp-content\/uploads\/2022\/09\/ris8-683x1024.jpg\" alt=\"Risotto agli Asparagi\" class=\"wp-image-14974\"\/><\/figure>\n<\/div>\n\n\n<figure class=\"wp-block-image size-large\"><img decoding=\"async\" src=\"https:\/\/pane-bistecca.com\/wp-content\/uploads\/2022\/09\/ris7-1024x683.jpg\" alt=\"Risotto agli Asparagi\" class=\"wp-image-14975\"\/><\/figure>\n\n\n\n<ul class=\"wp-block-list\">\n<li>Wilma von Pane-Bistecca mit&nbsp;<a href=\"https:\/\/pane-bistecca.com\/2022\/09\/08\/ravioli-del-plin-con-ricotta-e-spinaci-ravioli-del-plin-with-ricotta-and-spinach\/\" target=\"_blank\" rel=\"noreferrer noopener\">Ravioli del Plin con Ricotta e Spinaci<\/a> und &nbsp;<a href=\"https:\/\/pane-bistecca.com\/2022\/09\/09\/baci-di-dama-alla-nocciola-cookie-kisses-from-italy\/\" target=\"_blank\" rel=\"noreferrer noopener\">Baci di Dama alla Nocciola<\/a> und <a href=\"https:\/\/pane-bistecca.com\/2022\/09\/13\/pasta-ncasciata-sizilien-im-teller-sicilian-pasta-dish\/\" target=\"_blank\" rel=\"noreferrer noopener\">Pasta \u201aNcasciata<\/a> und <a href=\"https:\/\/pane-bistecca.com\/2022\/09\/20\/polpettine-alla-napoletana-meatballs-from-naples\/\" target=\"_blank\" rel=\"noreferrer noopener\">Polpettine alla Napoletana<\/a> und <a href=\"https:\/\/pane-bistecca.com\/2022\/09\/22\/risotto-algli-asparagi-risotto-with-asparagus\/\" target=\"_blank\" rel=\"noreferrer noopener\">Risotto agli Asparagi<\/a> und <a href=\"https:\/\/pane-bistecca.com\/2022\/09\/23\/saltimbocca-di-maiale-pork-saltimbocca\/\" target=\"_blank\" rel=\"noreferrer noopener\">Saltimbocca di Maiale<\/a><\/li>\n\n\n\n<li>Petra aka Cascabel von Chili und Ciabatta mit&nbsp;<a href=\"https:\/\/chili-und-ciabatta.de\/2022\/09\/lingua-di-vitello-con-salsa-verde-kalbszunge-mit-gruener-sauce\/\" target=\"_blank\" rel=\"noreferrer noopener\">Lingua di Vitello con Salsa Verde \u2013 Kalbszunge mit gr\u00fcner Sauce<\/a> und <a href=\"https:\/\/chili-und-ciabatta.de\/2022\/09\/insalata-di-tacchino-putensalat\/\" target=\"_blank\" rel=\"noreferrer noopener\">Insalata di tacchino \u2013 Putensalat<\/a> und <a href=\"https:\/\/chili-und-ciabatta.de\/2022\/09\/taralli-dolci-al-pistacchio-suesse-taralli-mit-pistazien\/\" target=\"_blank\" rel=\"noreferrer noopener\">Taralli dolci al Pistacchio \u2013 s\u00fc\u00dfe Taralli mit Pistazien<\/a><\/li>\n\n\n\n<li>Sylvia von Brotwein mit&nbsp;<a href=\"https:\/\/brotwein.net\/spaghetti-alla-puttanesca-rezept-6105\" target=\"_blank\" rel=\"noreferrer noopener\">Spaghetti alla Puttanesca Rezept<\/a> und &nbsp;<a href=\"https:\/\/brotwein.net\/tagliata-di-manzo-steak-vom-rind-italienisch-6119\" target=\"_blank\" rel=\"noreferrer noopener\">Tagliata di Manzo \u2013 Steak vom Rind italienisch<\/a> und <a href=\"https:\/\/brotwein.net\/pizza-prosciutto-schinken-pizza-6122\" target=\"_blank\" rel=\"noreferrer noopener\">Pizza Prosciutto \u2013 Schinken Pizza<\/a><\/li>\n\n\n\n<li>Susanne von magentratzerl mit&nbsp;<a href=\"https:\/\/magentratzerl.de\/2022\/09\/10\/teigtasche-des-monatssalsicce-capellacci-auf-linsen-salsicca-gemuese\/\" target=\"_blank\" rel=\"noreferrer noopener\">Salsicce Capellacci auf Linsen-Salsicca-Gem\u00fcse<\/a> und <a href=\"https:\/\/magentratzerl.de\/2022\/09\/16\/focaccia-veneziana\/\" target=\"_blank\" rel=\"noreferrer noopener\">Focacchia veneziana<\/a><\/li>\n\n\n\n<li>Kathrina von K\u00fcchentraum &#038; Purzelbaum mit&nbsp;<a href=\"https:\/\/www.kuechentraumundpurzelbaum.de\/dreierlei-bruschetta\/\" target=\"_blank\" rel=\"noreferrer noopener\">Dreierlei Bruschetta<\/a><\/li>\n\n\n\n<li>Ute von Wiesengenuss mit&nbsp;<a href=\"https:\/\/wiesengenuss.wordpress.com\/2022\/09\/14\/carbonara-cucina-povera\/\" target=\"_blank\" rel=\"noreferrer noopener\">Carbonara! Cucina povera<\/a><\/li>\n\n\n\n<li>Friederike von Fliederbaum mit&nbsp;<a href=\"https:\/\/fliederbaum.blogspot.com\/2022\/09\/kurbis-radicchio-pasta-leicht-bitter.html\" target=\"_blank\" rel=\"noreferrer noopener\">K\u00fcrbispasta mit Radicchio<\/a><\/li>\n\n\n\n<li>Thomas und Simone von zimtkringel mit&nbsp;<a href=\"https:\/\/www.zimtkringel.org\/zuppa-di-lenticche\/\" target=\"_blank\" rel=\"noreferrer noopener\">Zuppa di lenticchie e salsicce<\/a><\/li>\n\n\n\n<li>Sonja von fluffig &#038; hart mit&nbsp;<a href=\"https:\/\/fluffigundhart.de\/recipe\/bruschetta\/\" target=\"_blank\" rel=\"noreferrer noopener\">Klassische Bruschetta<\/a><\/li>\n\n\n\n<li>Regina von bistroglobal.de mit&nbsp;<a href=\"https:\/\/bistroglobal.de\/moretum-und-mostbroetchen\/\" target=\"_blank\" rel=\"noreferrer noopener\">Moretum und Mostbr\u00f6tchen<\/a> und &nbsp;<a href=\"https:\/\/bistroglobal.de\/altroemisches-dinner-die-hauptspeise-und-nachspeise\/\" target=\"_blank\" rel=\"noreferrer noopener\">Altr\u00f6misches Dinner \u2013 die Hauptspeise und Nachspeise<\/a><\/li>\n\n\n\n<li>Michael von SalzigS\u00fcssLecker mit&nbsp;<a href=\"https:\/\/salzig-suess-lecker.de\/orecchiette-al-pangrattato\/\" target=\"_blank\" rel=\"noreferrer noopener\">Orecchiette al Prangattato<\/a><\/li>\n\n\n\n<li>Britta von Backmaedchen 1967 mit&nbsp;<a href=\"https:\/\/backmaedchen1967.de\/focaccia-italienisches-fladenbrot\/\" target=\"_blank\" rel=\"noreferrer noopener\">Focaccia \u2013 italienisches Fladenbrot<\/a><\/li>\n\n\n\n<li>Nadja von Little Kitchen and more mit&nbsp;<a href=\"https:\/\/www.little-kitchen-and-more.com\/2022\/09\/25\/homemade-tagliatelle-mit-haselnuss-basilikum-pesto\/\" target=\"_blank\" rel=\"noreferrer noopener\">Homemade Tagliatelle mit Haselnuss-Basilikum Pesto<\/a><\/li>\n\n\n\n<li>Francesco (Gastblogger) auf Volkermampft mit&nbsp;<a href=\"https:\/\/volkermampft.de\/crostini-al-tonno-scottato-crostini-mit-gebratenem-thunfisch\/\" target=\"_blank\" rel=\"noreferrer noopener\">Crostini al Tonno Scottato \u2013 Crostini mit gebratenem Thunfisch<\/a><\/li>\n\n\n\n<li>Volker von volkermampft mit&nbsp;<a href=\"https:\/\/volkermampft.de\/panuozzo-saltimboca-neapolitanisches-streetfood-mal-anders\/\" target=\"_blank\" rel=\"noreferrer noopener\">Panuozzo Saltimboca \u2013 neapolitanisches Streetfood mal anders<\/a><\/li>\n<\/ul>\n\n\n<div class=\"wp-block-image\">\n<figure class=\"aligncenter size-large\"><img decoding=\"async\" src=\"https:\/\/pane-bistecca.com\/wp-content\/uploads\/2022\/09\/ris9-683x1024.jpg\" alt=\"Risotto agli Asparagi\" class=\"wp-image-14976\"\/><\/figure>\n<\/div>\n\n<div class=\"wp-block-image\">\n<figure class=\"aligncenter size-full\"><img decoding=\"async\" src=\"https:\/\/pane-bistecca.com\/wp-content\/uploads\/2018\/09\/9267017_orig.jpg\" alt=\"\" class=\"wp-image-72\"\/><\/figure>\n<\/div>","protected":false},"excerpt":{"rendered":"<p>Ein grosser Klassiker der italienischen K\u00fcche ist das Spargel Risotto, Risotto agli Asparagi! Fein cremig, mit mildem Geschmack, wer kann da nein&#8230;<\/p>\n","protected":false},"author":5,"featured_media":161927,"comment_status":"open","ping_status":"open","sticky":false,"template":"","format":"gallery","meta":{"footnotes":""},"categories":[268,397,639,1280,22,44,54,21,140,99,163,269,164,350,23,64,100],"tags":[26,25,165,166,351,27],"class_list":{"0":"post-15142","1":"post","2":"type-post","3":"status-publish","4":"format-gallery","5":"has-post-thumbnail","7":"category-blogevent","8":"category-culinary-world-travel","9":"category-from-around-the-world","10":"category-europa","11":"category-vegetables","12":"category-main-dishes","13":"category-italien","14":"category-cheese","15":"category-garlic","16":"category-herbs","17":"category-rice","18":"category-recipe-collection","19":"category-risotto","20":"category-spargeln","21":"category-vegetarisch","22":"category-starters","23":"category-onion","24":"tag-gemuse","25":"tag-kaese","26":"tag-rice","27":"tag-risotto","28":"tag-asparagus","29":"tag-vegetarisch","30":"post_format-post-format-gallery"},"yoast_head":"<!-- This site is optimized with the Yoast SEO plugin v24.7 - https:\/\/yoast.com\/wordpress\/plugins\/seo\/ -->\n<title>Risotto agli Asparagi \u2013 Risotto with Asparagus - Pane-Bistecca<\/title>\n<meta name=\"robots\" content=\"index, follow, max-snippet:-1, max-image-preview:large, max-video-preview:-1\" \/>\n<link rel=\"canonical\" href=\"https:\/\/pane-bistecca.com\/en\/2022\/09\/22\/risotto-agli-asparagi\/\" \/>\n<meta property=\"og:locale\" content=\"en_US\" \/>\n<meta property=\"og:locale:alternate\" content=\"de_DE\" \/>\n<meta property=\"og:type\" content=\"article\" \/>\n<meta property=\"og:title\" content=\"Risotto agli Asparagi \u2013 Risotto with Asparagus\" \/>\n<meta property=\"og:description\" content=\"Ein grosser Klassiker der italienischen K\u00fcche ist das Spargel Risotto, Risotto agli Asparagi! Fein cremig, mit mildem Geschmack, wer kann da nein...\" \/>\n<meta property=\"og:url\" content=\"https:\/\/pane-bistecca.com\/en\/2022\/09\/22\/risotto-agli-asparagi\/\" \/>\n<meta property=\"og:site_name\" content=\"Pane-Bistecca\" \/>\n<meta property=\"article:published_time\" content=\"2022-09-22T06:15:32+00:00\" \/>\n<meta property=\"article:modified_time\" content=\"2024-10-26T05:27:06+00:00\" \/>\n<meta property=\"og:image\" content=\"https:\/\/pane-bistecca.com\/wp-content\/uploads\/2022\/09\/asp5.jpg\" \/>\n\t<meta property=\"og:image:width\" content=\"1568\" \/>\n\t<meta property=\"og:image:height\" content=\"2352\" \/>\n\t<meta property=\"og:image:type\" content=\"image\/jpeg\" \/>\n<meta name=\"author\" content=\"Pane Bistecca\" \/>\n<meta name=\"twitter:card\" content=\"summary_large_image\" \/>\n<meta name=\"twitter:label1\" content=\"Written by\" \/>\n\t<meta name=\"twitter:data1\" content=\"Pane Bistecca\" \/>\n\t<meta name=\"twitter:label2\" content=\"Est. reading time\" \/>\n\t<meta name=\"twitter:data2\" content=\"7 minutes\" \/>\n<script type=\"application\/ld+json\" class=\"yoast-schema-graph\">{\"@context\":\"https:\/\/schema.org\",\"@graph\":[{\"@type\":\"Article\",\"@id\":\"https:\/\/pane-bistecca.com\/2022\/09\/22\/risotto-agli-asparagi\/#article\",\"isPartOf\":{\"@id\":\"https:\/\/pane-bistecca.com\/2022\/09\/22\/risotto-agli-asparagi\/\"},\"author\":{\"name\":\"Pane Bistecca\",\"@id\":\"https:\/\/pane-bistecca.com\/#\/schema\/person\/8f6864a6ceb0977c4008ee1208c02ee8\"},\"headline\":\"Risotto agli Asparagi \u2013 Risotto with Asparagus\",\"datePublished\":\"2022-09-22T06:15:32+00:00\",\"dateModified\":\"2024-10-26T05:27:06+00:00\",\"mainEntityOfPage\":{\"@id\":\"https:\/\/pane-bistecca.com\/2022\/09\/22\/risotto-agli-asparagi\/\"},\"wordCount\":1496,\"commentCount\":0,\"publisher\":{\"@id\":\"https:\/\/pane-bistecca.com\/#\/schema\/person\/8f6864a6ceb0977c4008ee1208c02ee8\"},\"image\":{\"@id\":\"https:\/\/pane-bistecca.com\/2022\/09\/22\/risotto-agli-asparagi\/#primaryimage\"},\"thumbnailUrl\":\"https:\/\/pane-bistecca.com\/wp-content\/uploads\/2022\/09\/asp5.jpg\",\"keywords\":[\"Vegetable\",\"Cheese\",\"Rice\",\"Risotto\",\"Asparagus\",\"Vegetarian\"],\"articleSection\":[\"#Blogevent\",\"#Culinary World Travel\",\"From around the world\",\"Europe\",\"Vegetables\",\"Main-Dishes\",\"Italy\",\"Cheese\",\"Garlic\",\"Herbs\",\"Rice\",\"Recipe Collection\",\"Risotto\",\"Asparagus\",\"Vegetarian\",\"Starters\",\"Onion\"],\"inLanguage\":\"en-US\",\"potentialAction\":[{\"@type\":\"CommentAction\",\"name\":\"Comment\",\"target\":[\"https:\/\/pane-bistecca.com\/2022\/09\/22\/risotto-agli-asparagi\/#respond\"]}]},{\"@type\":\"WebPage\",\"@id\":\"https:\/\/pane-bistecca.com\/2022\/09\/22\/risotto-agli-asparagi\/\",\"url\":\"https:\/\/pane-bistecca.com\/2022\/09\/22\/risotto-agli-asparagi\/\",\"name\":\"Risotto agli Asparagi \u2013 Risotto with Asparagus\",\"isPartOf\":{\"@id\":\"https:\/\/pane-bistecca.com\/#website\"},\"primaryImageOfPage\":{\"@id\":\"https:\/\/pane-bistecca.com\/2022\/09\/22\/risotto-agli-asparagi\/#primaryimage\"},\"image\":{\"@id\":\"https:\/\/pane-bistecca.com\/2022\/09\/22\/risotto-agli-asparagi\/#primaryimage\"},\"thumbnailUrl\":\"https:\/\/pane-bistecca.com\/wp-content\/uploads\/2022\/09\/asp5.jpg\",\"datePublished\":\"2022-09-22T06:15:32+00:00\",\"dateModified\":\"2024-10-26T05:27:06+00:00\",\"breadcrumb\":{\"@id\":\"https:\/\/pane-bistecca.com\/2022\/09\/22\/risotto-agli-asparagi\/#breadcrumb\"},\"inLanguage\":\"en-US\",\"potentialAction\":[{\"@type\":\"ReadAction\",\"target\":[\"https:\/\/pane-bistecca.com\/2022\/09\/22\/risotto-agli-asparagi\/\"]}]},{\"@type\":\"ImageObject\",\"inLanguage\":\"en-US\",\"@id\":\"https:\/\/pane-bistecca.com\/2022\/09\/22\/risotto-agli-asparagi\/#primaryimage\",\"url\":\"https:\/\/pane-bistecca.com\/wp-content\/uploads\/2022\/09\/asp5.jpg\",\"contentUrl\":\"https:\/\/pane-bistecca.com\/wp-content\/uploads\/2022\/09\/asp5.jpg\",\"width\":1568,\"height\":2352},{\"@type\":\"BreadcrumbList\",\"@id\":\"https:\/\/pane-bistecca.com\/2022\/09\/22\/risotto-agli-asparagi\/#breadcrumb\",\"itemListElement\":[{\"@type\":\"ListItem\",\"position\":1,\"name\":\"Home\",\"item\":\"https:\/\/pane-bistecca.com\/\"},{\"@type\":\"ListItem\",\"position\":2,\"name\":\"Risotto agli Asparagi \u2013 Risotto with Asparagus\"}]},{\"@type\":\"WebSite\",\"@id\":\"https:\/\/pane-bistecca.com\/#website\",\"url\":\"https:\/\/pane-bistecca.com\/\",\"name\":\"Pane Bistecca\",\"description\":\"World Class Cooking\",\"publisher\":{\"@id\":\"https:\/\/pane-bistecca.com\/#\/schema\/person\/8f6864a6ceb0977c4008ee1208c02ee8\"},\"alternateName\":\"P-B\",\"potentialAction\":[{\"@type\":\"SearchAction\",\"target\":{\"@type\":\"EntryPoint\",\"urlTemplate\":\"https:\/\/pane-bistecca.com\/?s={search_term_string}\"},\"query-input\":{\"@type\":\"PropertyValueSpecification\",\"valueRequired\":true,\"valueName\":\"search_term_string\"}}],\"inLanguage\":\"en-US\"},{\"@type\":[\"Person\",\"Organization\"],\"@id\":\"https:\/\/pane-bistecca.com\/#\/schema\/person\/8f6864a6ceb0977c4008ee1208c02ee8\",\"name\":\"Pane Bistecca\",\"image\":{\"@type\":\"ImageObject\",\"inLanguage\":\"en-US\",\"@id\":\"https:\/\/pane-bistecca.com\/#\/schema\/person\/image\/\",\"url\":\"https:\/\/pane-bistecca.com\/wp-content\/uploads\/2023\/11\/logo1.jpg\",\"contentUrl\":\"https:\/\/pane-bistecca.com\/wp-content\/uploads\/2023\/11\/logo1.jpg\",\"width\":184,\"height\":204,\"caption\":\"Pane Bistecca\"},\"logo\":{\"@id\":\"https:\/\/pane-bistecca.com\/#\/schema\/person\/image\/\"},\"sameAs\":[\"https:\/\/pane-bistecca.com\"],\"url\":\"https:\/\/pane-bistecca.com\/en\/author\/pane-bistecca\/\"}]}<\/script>\n<!-- \/ Yoast SEO plugin. -->","yoast_head_json":{"title":"Risotto agli Asparagi \u2013 Risotto with Asparagus - Pane-Bistecca","robots":{"index":"index","follow":"follow","max-snippet":"max-snippet:-1","max-image-preview":"max-image-preview:large","max-video-preview":"max-video-preview:-1"},"canonical":"https:\/\/pane-bistecca.com\/en\/2022\/09\/22\/risotto-agli-asparagi\/","og_locale":"en_US","og_type":"article","og_title":"[:de]Risotto agli Asparagi \u2013 Risotto with Asparagus[:en]Risotto agli Asparagi \u2013 Risotto with Asparagus[:] - Pane-Bistecca","og_description":"Ein grosser Klassiker der italienischen K\u00fcche ist das Spargel Risotto, Risotto agli Asparagi! Fein cremig, mit mildem Geschmack, wer kann da nein...","og_url":"https:\/\/pane-bistecca.com\/en\/2022\/09\/22\/risotto-agli-asparagi\/","og_site_name":"Pane-Bistecca","article_published_time":"2022-09-22T06:15:32+00:00","article_modified_time":"2024-10-26T05:27:06+00:00","og_image":[{"width":1568,"height":2352,"url":"https:\/\/pane-bistecca.com\/wp-content\/uploads\/2022\/09\/asp5.jpg","type":"image\/jpeg"}],"author":"Pane Bistecca","twitter_card":"summary_large_image","twitter_misc":{"Written by":"Pane Bistecca","Est. reading time":"7 minutes"},"schema":{"@context":"https:\/\/schema.org","@graph":[{"@type":"Article","@id":"https:\/\/pane-bistecca.com\/2022\/09\/22\/risotto-agli-asparagi\/#article","isPartOf":{"@id":"https:\/\/pane-bistecca.com\/2022\/09\/22\/risotto-agli-asparagi\/"},"author":{"name":"Pane Bistecca","@id":"https:\/\/pane-bistecca.com\/#\/schema\/person\/8f6864a6ceb0977c4008ee1208c02ee8"},"headline":"Risotto agli Asparagi \u2013 Risotto with Asparagus","datePublished":"2022-09-22T06:15:32+00:00","dateModified":"2024-10-26T05:27:06+00:00","mainEntityOfPage":{"@id":"https:\/\/pane-bistecca.com\/2022\/09\/22\/risotto-agli-asparagi\/"},"wordCount":1496,"commentCount":0,"publisher":{"@id":"https:\/\/pane-bistecca.com\/#\/schema\/person\/8f6864a6ceb0977c4008ee1208c02ee8"},"image":{"@id":"https:\/\/pane-bistecca.com\/2022\/09\/22\/risotto-agli-asparagi\/#primaryimage"},"thumbnailUrl":"https:\/\/pane-bistecca.com\/wp-content\/uploads\/2022\/09\/asp5.jpg","keywords":["Vegetable","Cheese","Rice","Risotto","Asparagus","Vegetarian"],"articleSection":["#Blogevent","#Culinary World Travel","From around the world","Europe","Vegetables","Main-Dishes","Italy","Cheese","Garlic","Herbs","Rice","Recipe Collection","Risotto","Asparagus","Vegetarian","Starters","Onion"],"inLanguage":"en-US","potentialAction":[{"@type":"CommentAction","name":"Comment","target":["https:\/\/pane-bistecca.com\/2022\/09\/22\/risotto-agli-asparagi\/#respond"]}]},{"@type":"WebPage","@id":"https:\/\/pane-bistecca.com\/2022\/09\/22\/risotto-agli-asparagi\/","url":"https:\/\/pane-bistecca.com\/2022\/09\/22\/risotto-agli-asparagi\/","name":"Risotto agli Asparagi \u2013 Risotto with Asparagus","isPartOf":{"@id":"https:\/\/pane-bistecca.com\/#website"},"primaryImageOfPage":{"@id":"https:\/\/pane-bistecca.com\/2022\/09\/22\/risotto-agli-asparagi\/#primaryimage"},"image":{"@id":"https:\/\/pane-bistecca.com\/2022\/09\/22\/risotto-agli-asparagi\/#primaryimage"},"thumbnailUrl":"https:\/\/pane-bistecca.com\/wp-content\/uploads\/2022\/09\/asp5.jpg","datePublished":"2022-09-22T06:15:32+00:00","dateModified":"2024-10-26T05:27:06+00:00","breadcrumb":{"@id":"https:\/\/pane-bistecca.com\/2022\/09\/22\/risotto-agli-asparagi\/#breadcrumb"},"inLanguage":"en-US","potentialAction":[{"@type":"ReadAction","target":["https:\/\/pane-bistecca.com\/2022\/09\/22\/risotto-agli-asparagi\/"]}]},{"@type":"ImageObject","inLanguage":"en-US","@id":"https:\/\/pane-bistecca.com\/2022\/09\/22\/risotto-agli-asparagi\/#primaryimage","url":"https:\/\/pane-bistecca.com\/wp-content\/uploads\/2022\/09\/asp5.jpg","contentUrl":"https:\/\/pane-bistecca.com\/wp-content\/uploads\/2022\/09\/asp5.jpg","width":1568,"height":2352},{"@type":"BreadcrumbList","@id":"https:\/\/pane-bistecca.com\/2022\/09\/22\/risotto-agli-asparagi\/#breadcrumb","itemListElement":[{"@type":"ListItem","position":1,"name":"Home","item":"https:\/\/pane-bistecca.com\/"},{"@type":"ListItem","position":2,"name":"Risotto agli Asparagi \u2013 Risotto with Asparagus"}]},{"@type":"WebSite","@id":"https:\/\/pane-bistecca.com\/#website","url":"https:\/\/pane-bistecca.com\/","name":"Pane Bistecca","description":"World Class Cooking","publisher":{"@id":"https:\/\/pane-bistecca.com\/#\/schema\/person\/8f6864a6ceb0977c4008ee1208c02ee8"},"alternateName":"P-B","potentialAction":[{"@type":"SearchAction","target":{"@type":"EntryPoint","urlTemplate":"https:\/\/pane-bistecca.com\/?s={search_term_string}"},"query-input":{"@type":"PropertyValueSpecification","valueRequired":true,"valueName":"search_term_string"}}],"inLanguage":"en-US"},{"@type":["Person","Organization"],"@id":"https:\/\/pane-bistecca.com\/#\/schema\/person\/8f6864a6ceb0977c4008ee1208c02ee8","name":"Pane Bistecca","image":{"@type":"ImageObject","inLanguage":"en-US","@id":"https:\/\/pane-bistecca.com\/#\/schema\/person\/image\/","url":"https:\/\/pane-bistecca.com\/wp-content\/uploads\/2023\/11\/logo1.jpg","contentUrl":"https:\/\/pane-bistecca.com\/wp-content\/uploads\/2023\/11\/logo1.jpg","width":184,"height":204,"caption":"Pane Bistecca"},"logo":{"@id":"https:\/\/pane-bistecca.com\/#\/schema\/person\/image\/"},"sameAs":["https:\/\/pane-bistecca.com"],"url":"https:\/\/pane-bistecca.com\/en\/author\/pane-bistecca\/"}]}},"_links":{"self":[{"href":"https:\/\/pane-bistecca.com\/en\/wp-json\/wp\/v2\/posts\/15142","targetHints":{"allow":["GET"]}}],"collection":[{"href":"https:\/\/pane-bistecca.com\/en\/wp-json\/wp\/v2\/posts"}],"about":[{"href":"https:\/\/pane-bistecca.com\/en\/wp-json\/wp\/v2\/types\/post"}],"author":[{"embeddable":true,"href":"https:\/\/pane-bistecca.com\/en\/wp-json\/wp\/v2\/users\/5"}],"replies":[{"embeddable":true,"href":"https:\/\/pane-bistecca.com\/en\/wp-json\/wp\/v2\/comments?post=15142"}],"version-history":[{"count":2,"href":"https:\/\/pane-bistecca.com\/en\/wp-json\/wp\/v2\/posts\/15142\/revisions"}],"predecessor-version":[{"id":161929,"href":"https:\/\/pane-bistecca.com\/en\/wp-json\/wp\/v2\/posts\/15142\/revisions\/161929"}],"wp:featuredmedia":[{"embeddable":true,"href":"https:\/\/pane-bistecca.com\/en\/wp-json\/wp\/v2\/media\/161927"}],"wp:attachment":[{"href":"https:\/\/pane-bistecca.com\/en\/wp-json\/wp\/v2\/media?parent=15142"}],"wp:term":[{"taxonomy":"category","embeddable":true,"href":"https:\/\/pane-bistecca.com\/en\/wp-json\/wp\/v2\/categories?post=15142"},{"taxonomy":"post_tag","embeddable":true,"href":"https:\/\/pane-bistecca.com\/en\/wp-json\/wp\/v2\/tags?post=15142"}],"curies":[{"name":"wp","href":"https:\/\/api.w.org\/{rel}","templated":true}]}}