{"id":14156,"date":"2018-09-29T04:54:47","date_gmt":"2018-09-29T03:54:47","guid":{"rendered":"http:\/\/dev.pane-bistecca.com\/2018\/09\/29\/blaetterteiggebaeck-mit-sesam\/"},"modified":"2025-04-16T10:23:19","modified_gmt":"2025-04-16T02:23:19","slug":"blaetterteiggebaeck-mit-sesam","status":"publish","type":"post","link":"https:\/\/pane-bistecca.com\/en\/2018\/09\/29\/blaetterteiggebaeck-mit-sesam\/","title":{"rendered":"Bl\u00e4tterteig Geb\u00e4ck mit Sesam"},"content":{"rendered":"\n<p><\/p>\n\n\n<div class=\"wp-block-image\">\n<figure class=\"aligncenter\"><img decoding=\"async\" src=\"https:\/\/pane-bistecca.com\/wp-content\/uploads\/2018\/09\/ses6-1024x683.jpg\" alt=\"Blaetterteiggebaeck mit Sesam\" class=\"wp-image-433\"\/><\/figure>\n<\/div>\n\n\n<div class=\"post-recipe-block with-bg\" id=\"post-recipe-block\" vocab=\"https:\/\/schema.org\/\" typeof=\"Recipe\">\n    \n    <div class=\"post-recipe-header\"><h3 property=\"name\">Puff Pastry with Sesame<\/h3><div class=\"rdf-hidden\" property=\"author\">Pane-Bistecca<\/div><\/div>\n        <div class=\"post-recipe-summary clearfix\">\n      Often, when baking with puff pastry, I have some left-over dough. You don\u2019t need to throw these, you can always use them for small salty pastries. \n        <br><br>\n\t\tVery important is, you don\u2019t knead together any left-over dough! Put them on top of each other and then roll them out again. Puff pastry will only puff up when put into layers, hence the name puff pastry. If you knead it, it will stick together and not get cooked inside.<br><br>\nHere, in this recipe, I had it easy, as I had stripes of left-over pastry. I just brushed them with egg-wash and sprinkled them with roasted sesame.    <\/div>\n        <div class=\"post-recipe-icons-row\">\n                <div class=\"post-recipe-icon\">\n            <i class=\"fa fa-cutlery\" aria-hidden=\"true\"><\/i>\n            <div class=\"post-recipe-icon-details\">\n                <div class=\"post-recipe-icon-title\">Prep time<\/div>\n                <div class=\"post-recipe-icon-value\">10 min<\/div>\n            <\/div>\n        <\/div>\n                        <div class=\"post-recipe-icon\">\n            <i class=\"fa fa-clock-o\" aria-hidden=\"true\"><\/i>\n            <div class=\"post-recipe-icon-details\">\n                <div class=\"post-recipe-icon-title\">Cooking time<\/div>\n                <div class=\"post-recipe-icon-value\">15 min<\/div>\n            <\/div>\n        <\/div>\n                        <div class=\"post-recipe-icon\">\n            <i class=\"fa fa-users\" aria-hidden=\"true\"><\/i>\n            <div class=\"post-recipe-icon-details\">\n                <div class=\"post-recipe-icon-title\">Portions<\/div>\n                <div class=\"post-recipe-icon-value\">to taste<\/div>\n            <\/div>\n        <\/div>\n                        <div class=\"post-recipe-icon\">\n            <i class=\"fa fa-check-square-o\" aria-hidden=\"true\"><\/i>\n            <div class=\"post-recipe-icon-details\">\n                <div class=\"post-recipe-icon-title\">Total time<\/div>\n                <div class=\"post-recipe-icon-value\">25 min<\/div>\n            <\/div>\n        <\/div>\n            <\/div>\n\n        <div class=\"post-recipe-details\">\n            <div class=\"post-recipe-details-column\">\n\n\t            <h4>Ingredients<\/h4>\n\n\t            <ul>\n\t                <li><i class=\"fa fa-check\" aria-hidden=\"true\"><\/i><p property=\"recipeIngredient\">Leftover Puff Pastry<\/p><\/li>\n\t                <li><i class=\"fa fa-check\" aria-hidden=\"true\"><\/i><p property=\"recipeIngredient\">1 Egg yolk<\/p><\/li>\n\t                <li><i class=\"fa fa-check\" aria-hidden=\"true\"><\/i><p property=\"recipeIngredient\">1 tbsp cold Water<\/p><\/li>\n\t                <li><i class=\"fa fa-check\" aria-hidden=\"true\"><\/i><p property=\"recipeIngredient\">Roasted Sesame Seeds<\/p><\/li>\n                        <li><i class=\"fa fa-check\" aria-hidden=\"true\"><\/i><p property=\"recipeIngredient\">Or Cumin, Poppy Seeds, roasted Garlic, Herbs<\/p><\/li>\n\n\t                \n\t                \n\t            <\/ul>\n\n\t        <\/div>\n        <\/div>\n    \n        <div class=\"post-recipe-instructions-group\">\n        <h4>Instructions<\/h4>\n                        <div class=\"post-recipe-instruction\">\n            <div class=\"post-recipe-step\">1<\/div>\n            <div class=\"post-recipe-instruction-content\">\n                                <div class=\"post-recipe-instruction-title\"><h4 property=\"recipeInstructions\">Step 1<\/h4><\/div>\n                                                <div class=\"post-recipe-instruction-text\" property=\"recipeInstructions\">Roll out the leftover pastry into a square and cut smaller squares out of it. Put them onto a baking tray and brush them with the egg and water mixture.  <\/div>\n                            <\/div>\n        <\/div>\n                        <div class=\"post-recipe-instruction\">\n            <div class=\"post-recipe-step\">2<\/div>\n            <div class=\"post-recipe-instruction-content\">\n                                <div class=\"post-recipe-instruction-title\"><h4 property=\"recipeInstructions\">Step 2<\/h4><\/div>\n                                                <div class=\"post-recipe-instruction-text\" property=\"recipeInstructions\">Sprinkle with the sesame and bake in the oven at 200 C for 15 minutes.\n<\/div>\n                            <\/div>\n        <\/div>\n                        <div class=\"post-recipe-instruction\">\n            <div class=\"post-recipe-step\">3<\/div>\n            <div class=\"post-recipe-instruction-content\">\n                                <div class=\"post-recipe-instruction-title\"><h4 property=\"recipeInstructions\">Step 3<\/h4><\/div>\n                                                <div class=\"post-recipe-instruction-text\" property=\"recipeInstructions\">Let cool and serve\n<\/div>\n                            <\/div>\n        <\/div>\n                        \n            <\/div>\n    \n        <div class=\"post-recipe-notes\">\n        <h4>Notes<\/h4>\n        Simple and quick! <a href=\"https:\/\/pane-bistecca.com\/2020\/07\/26\/kaese-und-pestofinger-cheese-and-pesto-fingers\/\">Cheese-Pesto Fingers from Puff Pastry<\/a>  <\/div>\n    <\/div>\n\n\n<div class=\"wp-block-image\">\n<figure class=\"aligncenter\"><img decoding=\"async\" src=\"https:\/\/pane-bistecca.com\/wp-content\/uploads\/2018\/09\/ses1-1024x683.jpg\" alt=\"malen\" class=\"wp-image-436\"\/><\/figure>\n<\/div>\n\n<div class=\"wp-block-image\">\n<figure class=\"aligncenter\"><img decoding=\"async\" src=\"https:\/\/pane-bistecca.com\/wp-content\/uploads\/2018\/09\/ses2-1024x683.jpg\" alt=\"bestreuen\" class=\"wp-image-437\"\/><\/figure>\n<\/div>\n\n<div class=\"wp-block-image\">\n<figure class=\"aligncenter\"><img decoding=\"async\" src=\"https:\/\/pane-bistecca.com\/wp-content\/uploads\/2018\/09\/ses7-683x1024.jpg\" alt=\"blaetterteig\" class=\"wp-image-434\"\/><\/figure>\n<\/div>\n\n<div class=\"wp-block-image\">\n<figure class=\"aligncenter\"><img decoding=\"async\" src=\"https:\/\/pane-bistecca.com\/wp-content\/uploads\/2018\/09\/ses9-1-1024x931.jpg\" alt=\"Blaetterteiggebaeck mit Sesam\" class=\"wp-image-442\"\/><\/figure>\n<\/div>\n\n<div class=\"wp-block-image\">\n<figure class=\"aligncenter\"><img decoding=\"async\" src=\"https:\/\/pane-bistecca.com\/wp-content\/uploads\/2018\/09\/ses6-1024x683.jpg\" alt=\"Blaetterteiggebaeck mit Sesam\" class=\"wp-image-433\"\/><\/figure>\n<\/div>\n\n<div class=\"wp-block-image\">\n<figure class=\"aligncenter\"><img decoding=\"async\" src=\"https:\/\/pane-bistecca.com\/wp-content\/uploads\/2018\/09\/ses4-683x1024.jpg\" alt=\"Blaetterteiggebaeck mit Sesam\" class=\"wp-image-439\"\/><\/figure>\n<\/div>\n\n<div class=\"wp-block-image\">\n<figure class=\"aligncenter\"><img decoding=\"async\" src=\"https:\/\/pane-bistecca.com\/wp-content\/uploads\/2018\/09\/9267017_orig.jpg\" alt=\"\" class=\"wp-image-72\"\/><\/figure>\n<\/div>","protected":false},"excerpt":{"rendered":"<p>Puff Pastry with Sesame Pane-Bistecca Often, when baking with puff pastry, I have some left-over dough. You don\u2019t need to throw these,&#8230;<\/p>\n","protected":false},"author":5,"featured_media":1236,"comment_status":"open","ping_status":"open","sticky":false,"template":"","format":"gallery","meta":{"footnotes":""},"categories":[116,639,167,143,1280,136,1483,638,77,168,1485,64],"tags":[119,169,170,138,1532,83,171],"class_list":{"0":"post-14156","1":"post","2":"type-post","3":"status-publish","4":"format-gallery","5":"has-post-thumbnail","7":"category-appetizer","8":"category-from-around-the-world","9":"category-puff-pastry","10":"category-salty-pastry","11":"category-europa","12":"category-finger-food","13":"category-seeds","14":"category-meals","15":"category-switzerland","16":"category-sesame","17":"category-doughs","18":"category-starters","19":"tag-apero","20":"tag-blatterteig","21":"tag-deftiges-geback","22":"tag-finger-food","23":"tag-koerner","24":"tag-switzerland","25":"tag-sesame","26":"post_format-post-format-gallery"},"yoast_head":"<!-- This site is optimized with the Yoast SEO plugin v24.7 - https:\/\/yoast.com\/wordpress\/plugins\/seo\/ -->\n<title>Bl\u00e4tterteig Geb\u00e4ck mit Sesam<\/title>\n<meta name=\"description\" content=\"Bl\u00e4tterteig Geb\u00e4ck mit Sesam, aus Resten gemacht und so schnell erledigt. Apero Geb\u00e4ck, einfacher gehts kaum mehr,\" \/>\n<meta name=\"robots\" content=\"index, follow, max-snippet:-1, max-image-preview:large, max-video-preview:-1\" \/>\n<link rel=\"canonical\" href=\"https:\/\/pane-bistecca.com\/en\/2018\/09\/29\/blaetterteiggebaeck-mit-sesam\/\" \/>\n<meta property=\"og:locale\" content=\"en_US\" \/>\n<meta property=\"og:locale:alternate\" content=\"de_DE\" \/>\n<meta property=\"og:type\" content=\"article\" \/>\n<meta property=\"og:title\" content=\"Bl\u00e4tterteig Geb\u00e4ck mit Sesam\" \/>\n<meta property=\"og:description\" content=\"Bl\u00e4tterteig Geb\u00e4ck mit Sesam, aus Resten gemacht und so schnell erledigt. Apero Geb\u00e4ck, einfacher gehts kaum mehr,\" \/>\n<meta property=\"og:url\" content=\"https:\/\/pane-bistecca.com\/en\/2018\/09\/29\/blaetterteiggebaeck-mit-sesam\/\" \/>\n<meta property=\"og:site_name\" content=\"Pane-Bistecca\" \/>\n<meta property=\"article:published_time\" content=\"2018-09-29T03:54:47+00:00\" \/>\n<meta property=\"article:modified_time\" content=\"2025-04-16T02:23:19+00:00\" \/>\n<meta property=\"og:image\" content=\"https:\/\/pane-bistecca.com\/wp-content\/uploads\/2018\/09\/ses9-1.jpg\" \/>\n\t<meta property=\"og:image:width\" content=\"1647\" \/>\n\t<meta property=\"og:image:height\" content=\"1497\" \/>\n\t<meta property=\"og:image:type\" content=\"image\/jpeg\" \/>\n<meta name=\"author\" content=\"Pane Bistecca\" \/>\n<meta name=\"twitter:card\" content=\"summary_large_image\" \/>\n<meta name=\"twitter:label1\" content=\"Written by\" \/>\n\t<meta name=\"twitter:data1\" content=\"Pane Bistecca\" \/>\n\t<meta name=\"twitter:label2\" content=\"Est. reading time\" \/>\n\t<meta name=\"twitter:data2\" content=\"3 minutes\" \/>\n<script type=\"application\/ld+json\" class=\"yoast-schema-graph\">{\"@context\":\"https:\/\/schema.org\",\"@graph\":[{\"@type\":\"Article\",\"@id\":\"https:\/\/pane-bistecca.com\/2018\/09\/29\/blaetterteiggebaeck-mit-sesam\/#article\",\"isPartOf\":{\"@id\":\"https:\/\/pane-bistecca.com\/2018\/09\/29\/blaetterteiggebaeck-mit-sesam\/\"},\"author\":{\"name\":\"Pane Bistecca\",\"@id\":\"https:\/\/pane-bistecca.com\/#\/schema\/person\/8f6864a6ceb0977c4008ee1208c02ee8\"},\"headline\":\"Bl\u00e4tterteig Geb\u00e4ck mit Sesam\",\"datePublished\":\"2018-09-29T03:54:47+00:00\",\"dateModified\":\"2025-04-16T02:23:19+00:00\",\"mainEntityOfPage\":{\"@id\":\"https:\/\/pane-bistecca.com\/2018\/09\/29\/blaetterteiggebaeck-mit-sesam\/\"},\"wordCount\":423,\"commentCount\":0,\"publisher\":{\"@id\":\"https:\/\/pane-bistecca.com\/#\/schema\/person\/8f6864a6ceb0977c4008ee1208c02ee8\"},\"image\":{\"@id\":\"https:\/\/pane-bistecca.com\/2018\/09\/29\/blaetterteiggebaeck-mit-sesam\/#primaryimage\"},\"thumbnailUrl\":\"https:\/\/pane-bistecca.com\/wp-content\/uploads\/2018\/09\/ses9-1.jpg\",\"keywords\":[\"Appetizer\",\"Puff Pastry\",\"Salty Pastry\",\"Finger-food\",\"Koerner\",\"Switzerland\",\"Sesame\"],\"articleSection\":[\"Appetizer\",\"From around the world\",\"Puff Pastry\",\"Salty Pastry\",\"Europe\",\"Finger-food\",\"Seeds\",\"Meals\",\"Switzerland\",\"Sesame\",\"Doughs\",\"Starters\"],\"inLanguage\":\"en-US\",\"potentialAction\":[{\"@type\":\"CommentAction\",\"name\":\"Comment\",\"target\":[\"https:\/\/pane-bistecca.com\/2018\/09\/29\/blaetterteiggebaeck-mit-sesam\/#respond\"]}]},{\"@type\":\"WebPage\",\"@id\":\"https:\/\/pane-bistecca.com\/2018\/09\/29\/blaetterteiggebaeck-mit-sesam\/\",\"url\":\"https:\/\/pane-bistecca.com\/2018\/09\/29\/blaetterteiggebaeck-mit-sesam\/\",\"name\":\"Bl\u00e4tterteig Geb\u00e4ck mit Sesam\",\"isPartOf\":{\"@id\":\"https:\/\/pane-bistecca.com\/#website\"},\"primaryImageOfPage\":{\"@id\":\"https:\/\/pane-bistecca.com\/2018\/09\/29\/blaetterteiggebaeck-mit-sesam\/#primaryimage\"},\"image\":{\"@id\":\"https:\/\/pane-bistecca.com\/2018\/09\/29\/blaetterteiggebaeck-mit-sesam\/#primaryimage\"},\"thumbnailUrl\":\"https:\/\/pane-bistecca.com\/wp-content\/uploads\/2018\/09\/ses9-1.jpg\",\"datePublished\":\"2018-09-29T03:54:47+00:00\",\"dateModified\":\"2025-04-16T02:23:19+00:00\",\"description\":\"Bl\u00e4tterteig Geb\u00e4ck mit Sesam, aus Resten gemacht und so schnell erledigt. Apero Geb\u00e4ck, einfacher gehts kaum mehr,\",\"breadcrumb\":{\"@id\":\"https:\/\/pane-bistecca.com\/2018\/09\/29\/blaetterteiggebaeck-mit-sesam\/#breadcrumb\"},\"inLanguage\":\"en-US\",\"potentialAction\":[{\"@type\":\"ReadAction\",\"target\":[\"https:\/\/pane-bistecca.com\/2018\/09\/29\/blaetterteiggebaeck-mit-sesam\/\"]}]},{\"@type\":\"ImageObject\",\"inLanguage\":\"en-US\",\"@id\":\"https:\/\/pane-bistecca.com\/2018\/09\/29\/blaetterteiggebaeck-mit-sesam\/#primaryimage\",\"url\":\"https:\/\/pane-bistecca.com\/wp-content\/uploads\/2018\/09\/ses9-1.jpg\",\"contentUrl\":\"https:\/\/pane-bistecca.com\/wp-content\/uploads\/2018\/09\/ses9-1.jpg\",\"width\":1647,\"height\":1497},{\"@type\":\"BreadcrumbList\",\"@id\":\"https:\/\/pane-bistecca.com\/2018\/09\/29\/blaetterteiggebaeck-mit-sesam\/#breadcrumb\",\"itemListElement\":[{\"@type\":\"ListItem\",\"position\":1,\"name\":\"Home\",\"item\":\"https:\/\/pane-bistecca.com\/\"},{\"@type\":\"ListItem\",\"position\":2,\"name\":\"Bl\u00e4tterteig Geb\u00e4ck mit Sesam\"}]},{\"@type\":\"WebSite\",\"@id\":\"https:\/\/pane-bistecca.com\/#website\",\"url\":\"https:\/\/pane-bistecca.com\/\",\"name\":\"Pane Bistecca\",\"description\":\"World Class Cooking\",\"publisher\":{\"@id\":\"https:\/\/pane-bistecca.com\/#\/schema\/person\/8f6864a6ceb0977c4008ee1208c02ee8\"},\"alternateName\":\"P-B\",\"potentialAction\":[{\"@type\":\"SearchAction\",\"target\":{\"@type\":\"EntryPoint\",\"urlTemplate\":\"https:\/\/pane-bistecca.com\/?s={search_term_string}\"},\"query-input\":{\"@type\":\"PropertyValueSpecification\",\"valueRequired\":true,\"valueName\":\"search_term_string\"}}],\"inLanguage\":\"en-US\"},{\"@type\":[\"Person\",\"Organization\"],\"@id\":\"https:\/\/pane-bistecca.com\/#\/schema\/person\/8f6864a6ceb0977c4008ee1208c02ee8\",\"name\":\"Pane Bistecca\",\"image\":{\"@type\":\"ImageObject\",\"inLanguage\":\"en-US\",\"@id\":\"https:\/\/pane-bistecca.com\/#\/schema\/person\/image\/\",\"url\":\"https:\/\/pane-bistecca.com\/wp-content\/uploads\/2023\/11\/logo1.jpg\",\"contentUrl\":\"https:\/\/pane-bistecca.com\/wp-content\/uploads\/2023\/11\/logo1.jpg\",\"width\":184,\"height\":204,\"caption\":\"Pane Bistecca\"},\"logo\":{\"@id\":\"https:\/\/pane-bistecca.com\/#\/schema\/person\/image\/\"},\"sameAs\":[\"https:\/\/pane-bistecca.com\"],\"url\":\"https:\/\/pane-bistecca.com\/en\/author\/pane-bistecca\/\"}]}<\/script>\n<!-- \/ Yoast SEO plugin. -->","yoast_head_json":{"title":"Bl\u00e4tterteig Geb\u00e4ck mit Sesam","description":"Bl\u00e4tterteig Geb\u00e4ck mit Sesam, aus Resten gemacht und so schnell erledigt. Apero Geb\u00e4ck, einfacher gehts kaum mehr,","robots":{"index":"index","follow":"follow","max-snippet":"max-snippet:-1","max-image-preview":"max-image-preview:large","max-video-preview":"max-video-preview:-1"},"canonical":"https:\/\/pane-bistecca.com\/en\/2018\/09\/29\/blaetterteiggebaeck-mit-sesam\/","og_locale":"en_US","og_type":"article","og_title":"[:de]Bl\u00e4tterteig Geb\u00e4ck mit Sesam[:]","og_description":"[:de]Bl\u00e4tterteig Geb\u00e4ck mit Sesam, aus Resten gemacht und so schnell erledigt. Apero Geb\u00e4ck, einfacher gehts kaum mehr,[:]","og_url":"https:\/\/pane-bistecca.com\/en\/2018\/09\/29\/blaetterteiggebaeck-mit-sesam\/","og_site_name":"Pane-Bistecca","article_published_time":"2018-09-29T03:54:47+00:00","article_modified_time":"2025-04-16T02:23:19+00:00","og_image":[{"width":1647,"height":1497,"url":"https:\/\/pane-bistecca.com\/wp-content\/uploads\/2018\/09\/ses9-1.jpg","type":"image\/jpeg"}],"author":"Pane Bistecca","twitter_card":"summary_large_image","twitter_misc":{"Written by":"Pane Bistecca","Est. reading time":"3 minutes"},"schema":{"@context":"https:\/\/schema.org","@graph":[{"@type":"Article","@id":"https:\/\/pane-bistecca.com\/2018\/09\/29\/blaetterteiggebaeck-mit-sesam\/#article","isPartOf":{"@id":"https:\/\/pane-bistecca.com\/2018\/09\/29\/blaetterteiggebaeck-mit-sesam\/"},"author":{"name":"Pane Bistecca","@id":"https:\/\/pane-bistecca.com\/#\/schema\/person\/8f6864a6ceb0977c4008ee1208c02ee8"},"headline":"Bl\u00e4tterteig Geb\u00e4ck mit Sesam","datePublished":"2018-09-29T03:54:47+00:00","dateModified":"2025-04-16T02:23:19+00:00","mainEntityOfPage":{"@id":"https:\/\/pane-bistecca.com\/2018\/09\/29\/blaetterteiggebaeck-mit-sesam\/"},"wordCount":423,"commentCount":0,"publisher":{"@id":"https:\/\/pane-bistecca.com\/#\/schema\/person\/8f6864a6ceb0977c4008ee1208c02ee8"},"image":{"@id":"https:\/\/pane-bistecca.com\/2018\/09\/29\/blaetterteiggebaeck-mit-sesam\/#primaryimage"},"thumbnailUrl":"https:\/\/pane-bistecca.com\/wp-content\/uploads\/2018\/09\/ses9-1.jpg","keywords":["Appetizer","Puff Pastry","Salty Pastry","Finger-food","Koerner","Switzerland","Sesame"],"articleSection":["Appetizer","From around the world","Puff Pastry","Salty Pastry","Europe","Finger-food","Seeds","Meals","Switzerland","Sesame","Doughs","Starters"],"inLanguage":"en-US","potentialAction":[{"@type":"CommentAction","name":"Comment","target":["https:\/\/pane-bistecca.com\/2018\/09\/29\/blaetterteiggebaeck-mit-sesam\/#respond"]}]},{"@type":"WebPage","@id":"https:\/\/pane-bistecca.com\/2018\/09\/29\/blaetterteiggebaeck-mit-sesam\/","url":"https:\/\/pane-bistecca.com\/2018\/09\/29\/blaetterteiggebaeck-mit-sesam\/","name":"Bl\u00e4tterteig Geb\u00e4ck mit Sesam","isPartOf":{"@id":"https:\/\/pane-bistecca.com\/#website"},"primaryImageOfPage":{"@id":"https:\/\/pane-bistecca.com\/2018\/09\/29\/blaetterteiggebaeck-mit-sesam\/#primaryimage"},"image":{"@id":"https:\/\/pane-bistecca.com\/2018\/09\/29\/blaetterteiggebaeck-mit-sesam\/#primaryimage"},"thumbnailUrl":"https:\/\/pane-bistecca.com\/wp-content\/uploads\/2018\/09\/ses9-1.jpg","datePublished":"2018-09-29T03:54:47+00:00","dateModified":"2025-04-16T02:23:19+00:00","description":"Bl\u00e4tterteig Geb\u00e4ck mit Sesam, aus Resten gemacht und so schnell erledigt. Apero Geb\u00e4ck, einfacher gehts kaum mehr,","breadcrumb":{"@id":"https:\/\/pane-bistecca.com\/2018\/09\/29\/blaetterteiggebaeck-mit-sesam\/#breadcrumb"},"inLanguage":"en-US","potentialAction":[{"@type":"ReadAction","target":["https:\/\/pane-bistecca.com\/2018\/09\/29\/blaetterteiggebaeck-mit-sesam\/"]}]},{"@type":"ImageObject","inLanguage":"en-US","@id":"https:\/\/pane-bistecca.com\/2018\/09\/29\/blaetterteiggebaeck-mit-sesam\/#primaryimage","url":"https:\/\/pane-bistecca.com\/wp-content\/uploads\/2018\/09\/ses9-1.jpg","contentUrl":"https:\/\/pane-bistecca.com\/wp-content\/uploads\/2018\/09\/ses9-1.jpg","width":1647,"height":1497},{"@type":"BreadcrumbList","@id":"https:\/\/pane-bistecca.com\/2018\/09\/29\/blaetterteiggebaeck-mit-sesam\/#breadcrumb","itemListElement":[{"@type":"ListItem","position":1,"name":"Home","item":"https:\/\/pane-bistecca.com\/"},{"@type":"ListItem","position":2,"name":"Bl\u00e4tterteig Geb\u00e4ck mit Sesam"}]},{"@type":"WebSite","@id":"https:\/\/pane-bistecca.com\/#website","url":"https:\/\/pane-bistecca.com\/","name":"Pane Bistecca","description":"World Class Cooking","publisher":{"@id":"https:\/\/pane-bistecca.com\/#\/schema\/person\/8f6864a6ceb0977c4008ee1208c02ee8"},"alternateName":"P-B","potentialAction":[{"@type":"SearchAction","target":{"@type":"EntryPoint","urlTemplate":"https:\/\/pane-bistecca.com\/?s={search_term_string}"},"query-input":{"@type":"PropertyValueSpecification","valueRequired":true,"valueName":"search_term_string"}}],"inLanguage":"en-US"},{"@type":["Person","Organization"],"@id":"https:\/\/pane-bistecca.com\/#\/schema\/person\/8f6864a6ceb0977c4008ee1208c02ee8","name":"Pane Bistecca","image":{"@type":"ImageObject","inLanguage":"en-US","@id":"https:\/\/pane-bistecca.com\/#\/schema\/person\/image\/","url":"https:\/\/pane-bistecca.com\/wp-content\/uploads\/2023\/11\/logo1.jpg","contentUrl":"https:\/\/pane-bistecca.com\/wp-content\/uploads\/2023\/11\/logo1.jpg","width":184,"height":204,"caption":"Pane Bistecca"},"logo":{"@id":"https:\/\/pane-bistecca.com\/#\/schema\/person\/image\/"},"sameAs":["https:\/\/pane-bistecca.com"],"url":"https:\/\/pane-bistecca.com\/en\/author\/pane-bistecca\/"}]}},"_links":{"self":[{"href":"https:\/\/pane-bistecca.com\/en\/wp-json\/wp\/v2\/posts\/14156","targetHints":{"allow":["GET"]}}],"collection":[{"href":"https:\/\/pane-bistecca.com\/en\/wp-json\/wp\/v2\/posts"}],"about":[{"href":"https:\/\/pane-bistecca.com\/en\/wp-json\/wp\/v2\/types\/post"}],"author":[{"embeddable":true,"href":"https:\/\/pane-bistecca.com\/en\/wp-json\/wp\/v2\/users\/5"}],"replies":[{"embeddable":true,"href":"https:\/\/pane-bistecca.com\/en\/wp-json\/wp\/v2\/comments?post=14156"}],"version-history":[{"count":4,"href":"https:\/\/pane-bistecca.com\/en\/wp-json\/wp\/v2\/posts\/14156\/revisions"}],"predecessor-version":[{"id":164871,"href":"https:\/\/pane-bistecca.com\/en\/wp-json\/wp\/v2\/posts\/14156\/revisions\/164871"}],"wp:featuredmedia":[{"embeddable":true,"href":"https:\/\/pane-bistecca.com\/en\/wp-json\/wp\/v2\/media\/1236"}],"wp:attachment":[{"href":"https:\/\/pane-bistecca.com\/en\/wp-json\/wp\/v2\/media?parent=14156"}],"wp:term":[{"taxonomy":"category","embeddable":true,"href":"https:\/\/pane-bistecca.com\/en\/wp-json\/wp\/v2\/categories?post=14156"},{"taxonomy":"post_tag","embeddable":true,"href":"https:\/\/pane-bistecca.com\/en\/wp-json\/wp\/v2\/tags?post=14156"}],"curies":[{"name":"wp","href":"https:\/\/api.w.org\/{rel}","templated":true}]}}